{"id":68326,"date":"2026-09-05T22:21:00","date_gmt":"2026-09-06T01:21:00","guid":{"rendered":"http:\/\/informeformosa.com.ar\/?p=68326"},"modified":"2026-09-06T10:26:19","modified_gmt":"2026-09-06T13:26:19","slug":"con-inversion-privada-y-la-infraestructura-de-la-provincia-el-gobernador-anuncio-la-ampliacion-del-parque-solar-las-lomitas-que-alcanzara-una-potencia-de-37-mw","status":"publish","type":"post","link":"http:\/\/informeformosa.com.ar\/?p=68326","title":{"rendered":"Con inversi\u00f3n privada y la infraestructura de la provincia, el Gobernador anunci\u00f3 la ampliaci\u00f3n del Parque Solar Las Lomitas que alcanzar\u00e1 una potencia de 37 MW"},"content":{"rendered":"\n<p class=\"wp-block-paragraph\">Tras el anuncio del gobernador Gildo Insfr\u00e1n de la ampliaci\u00f3n del Parque Solar de Las Lomitas, la empresa&nbsp; MSU Green Energy S.A. comenz\u00f3 a desarrollar esta obra estrat\u00e9gica que elevar\u00e1 la capacidad de generaci\u00f3n provincial hasta alcanzar una potencia total de 37 MW adicionales posibilitando una fuerte estabilizaci\u00f3n y mejora en la calidad del servicio del Sistema El\u00e9ctrico Provincial.<\/p>\n\n\n\n<p class=\"wp-block-paragraph\">Este logro consolida el desarrollo de un gran Complejo Solar Fotovoltaico integrado por los parques Las Lomitas I (15 MW), Las Lomitas II (7 MW) en construcci\u00f3n y la ampliaci\u00f3n de las Lomitas III (15 MW).<\/p>\n\n\n\n<p class=\"wp-block-paragraph\">En este esquema, el Estado provincial asume un rol protag\u00f3nico y determinante ya que, en simult\u00e1neo, comienza a ejecutar la L\u00ednea de Media Tensi\u00f3n en Doble Terna requerida para conectar este flujo de energ\u00eda limpia al Sistema Interconectado, a trav\u00e9s de la correspondiente acometida a la Estaci\u00f3n Transformadora Las Lomitas.<\/p>\n\n\n\n<p class=\"wp-block-paragraph\">Estas inversiones del sector privado son posibles porque existe una infraestructura el\u00e9ctrica acorde. Formosa cuenta con una Estaci\u00f3n Transformadora principal de 500\/132 kV con 600 MVA de potencia instalada, 12 estaciones transformadoras distribuidas estrat\u00e9gicamente en el territorio &#8211; una de ellas es la de Las Lomitas- m\u00e1s de 557,9 km de l\u00edneas de alta tensi\u00f3n (132 kV) y 545 Km de l\u00ednea de media tensi\u00f3n. Sin esta estructura, ning\u00fan parque solar se podr\u00eda instalar en nuestra provincia.<\/p>\n\n\n\n<p class=\"wp-block-paragraph\">El anuncio de ampliaci\u00f3n del complejo fotovoltaico de Las Lomitas se da en el marco de una estrategia integral que consolida la matriz energ\u00e9tica provincial con creciente incorporaci\u00f3n de energ\u00eda amigable con el medio ambiente. Este plan abarca tanto al Parque Solar Ingeniero Ju\u00e1rez (15 MW), que ya est\u00e1 plenamente operativo, como al megaproyecto de la firma Ambiente y Energ\u00eda que sumar\u00e1 seis parques solares distribuidos en Clorinda (50 MW), General G\u00fcemes (25 MW), Formosa Capital (15 MW), Ibarreta (25 MW), Piran\u00e9 (25 MW) y Laguna Blanca (30 MW). Dentro de este despliegue, los proyectos de Piran\u00e9 y Laguna Blanca ya cuentan con etapas claras, plazos establecidos y una fecha de entrada en operaci\u00f3n prevista para mayo de 2027.<\/p>\n\n\n\n<p class=\"wp-block-paragraph\">La infraestructura proyectada incluye que la empresa privada MSU Energy construya una L\u00ednea de Media Tensi\u00f3n de 850 metros y la edificaci\u00f3n de su Estaci\u00f3n de Maniobra para vincular el complejo con la red 33 kV que la Provincia comienza a ejecutar. Esta inversi\u00f3n trasciende el plano t\u00e9cnico para convertirse en un motor de justicia social y desarrollo regional. La puesta en marcha de los parques no solo diversifica y fortalece la matriz el\u00e9ctrica de las localidades formose\u00f1as, sino que adem\u00e1s genera empleo local directo e indirecto y dinamiza la econom\u00eda de nuestros proveedores provinciales.<\/p>\n\n\n\n<p class=\"wp-block-paragraph\">En un contexto nacional atravesado por la desregulaci\u00f3n, los tarifazos y la quita de subsidios impulsada por el Gobierno nacional, Formosa reafirma un modelo soberano de desarrollo. A trav\u00e9s del trabajo articulado con el sector privado, la provincia contrapone hechos concretos a las pol\u00edticas de ajuste y centralizaci\u00f3n: promueve la generaci\u00f3n de energ\u00eda limpia, protege el bolsillo de las familias formose\u00f1as e impulsa un desarrollo con inclusi\u00f3n, equidad territorial y un profundo compromiso con el cuidado del ambiente.<\/p>\n","protected":false},"excerpt":{"rendered":"<p>Tras el anuncio del gobernador Gildo Insfr\u00e1n de la ampliaci\u00f3n del Parque Solar de Las Lomitas, la empresa&nbsp; MSU Green Energy S.A. comenz\u00f3 a desarrollar esta obra estrat\u00e9gica que elevar\u00e1 la capacidad de generaci\u00f3n provincial hasta alcanzar una potencia total de 37 MW adicionales posibilitando una fuerte estabilizaci\u00f3n y mejora en la calidad del servicio [&hellip;]<\/p>\n","protected":false},"author":11,"featured_media":68327,"comment_status":"closed","ping_status":"closed","sticky":false,"template":"","format":"standard","meta":{"footnotes":""},"categories":[13],"tags":[],"class_list":["post-68326","post","type-post","status-publish","format-standard","has-post-thumbnail","hentry","category-produccion"],"_links":{"self":[{"href":"http:\/\/informeformosa.com.ar\/index.php?rest_route=\/wp\/v2\/posts\/68326","targetHints":{"allow":["GET"]}}],"collection":[{"href":"http:\/\/informeformosa.com.ar\/index.php?rest_route=\/wp\/v2\/posts"}],"about":[{"href":"http:\/\/informeformosa.com.ar\/index.php?rest_route=\/wp\/v2\/types\/post"}],"author":[{"embeddable":true,"href":"http:\/\/informeformosa.com.ar\/index.php?rest_route=\/wp\/v2\/users\/11"}],"replies":[{"embeddable":true,"href":"http:\/\/informeformosa.com.ar\/index.php?rest_route=%2Fwp%2Fv2%2Fcomments&post=68326"}],"version-history":[{"count":1,"href":"http:\/\/informeformosa.com.ar\/index.php?rest_route=\/wp\/v2\/posts\/68326\/revisions"}],"predecessor-version":[{"id":68328,"href":"http:\/\/informeformosa.com.ar\/index.php?rest_route=\/wp\/v2\/posts\/68326\/revisions\/68328"}],"wp:featuredmedia":[{"embeddable":true,"href":"http:\/\/informeformosa.com.ar\/index.php?rest_route=\/wp\/v2\/media\/68327"}],"wp:attachment":[{"href":"http:\/\/informeformosa.com.ar\/index.php?rest_route=%2Fwp%2Fv2%2Fmedia&parent=68326"}],"wp:term":[{"taxonomy":"category","embeddable":true,"href":"http:\/\/informeformosa.com.ar\/index.php?rest_route=%2Fwp%2Fv2%2Fcategories&post=68326"},{"taxonomy":"post_tag","embeddable":true,"href":"http:\/\/informeformosa.com.ar\/index.php?rest_route=%2Fwp%2Fv2%2Ftags&post=68326"}],"curies":[{"name":"wp","href":"https:\/\/api.w.org\/{rel}","templated":true}]}}