{"id":68323,"date":"2026-09-05T22:16:00","date_gmt":"2026-09-06T01:16:00","guid":{"rendered":"http:\/\/informeformosa.com.ar\/?p=68323"},"modified":"2026-09-06T10:20:25","modified_gmt":"2026-09-06T13:20:25","slug":"el-gobernador-insfran-acompano-la-apertura-de-la-expo-rural-formosa-2026","status":"publish","type":"post","link":"http:\/\/informeformosa.com.ar\/?p=68323","title":{"rendered":"El gobernador Insfr\u00e1n acompa\u00f1\u00f3 la apertura de la Expo Rural Formosa 2026"},"content":{"rendered":"\n<p class=\"wp-block-paragraph\">Este s\u00e1bado 5, el Gobierno de la provincia de Formosa acompa\u00f1\u00f3 la apertura oficial de la 81\u00aa Expo Rural organizada por la Sociedad Rural de Formosa en su hist\u00f3rico predio del&nbsp; barrio Virgen del Carmen de la ciudad capital.<\/p>\n\n\n\n<p class=\"wp-block-paragraph\">El evento cont\u00f3 con la presencia del gobernador Gildo Insfr\u00e1n, quien realiz\u00f3 el tradicional corte de cintas acompa\u00f1ado por el ministro de la Producci\u00f3n y Ambiente, Lucas Rodr\u00edguez y el presidente de la Sociedad Rural de Formosa, Alfredo Maglietti.<\/p>\n\n\n\n<p class=\"wp-block-paragraph\">Adem\u00e1s se realiz\u00f3 el descubrimiento de una placa que impuso el nombre de \u201cDon Ra\u00fal N\u00e9stor Maglietti\u201d al predio de la SRF, en reconocimiento a su hist\u00f3rica trayectoria como dirigente rural y funcionario. El homenaje cont\u00f3 con el acompa\u00f1amiento del gobernador Insfr\u00e1n y de los familiares de Maglietti.<\/p>\n\n\n\n<p class=\"wp-block-paragraph\">Al respecto, el ministro Rodr\u00edguez al dialogar con <strong><em>AGENFOR<\/em><\/strong>, precis\u00f3 que \u201cestamos presentes en una muestra m\u00e1s de la gran variedad y diversidad productiva que existe en la provincia\u201d.<\/p>\n\n\n\n<p class=\"wp-block-paragraph\">\u201cEsta expo demuestra no solamente la realidad, sino tambi\u00e9n el potencial que tiene nuestra provincia en materia productiva\u201d, subray\u00f3 el Ministro, al tiempo que enfatiz\u00f3 en que \u201cdesde el Gobierno de Formosa, con las pol\u00edticas productivas del gobernador Insfr\u00e1n y del Modelo Formose\u00f1o se ha transformado a fondo nuestra provincia\u201d.<\/p>\n\n\n\n<p class=\"wp-block-paragraph\">En este sentido, resalt\u00f3 que \u201ccontamos con un stock estabilizado de un mill\u00f3n y medio de cabezas de hacienda bovina, con una calidad gen\u00e9tica que se ha superado notablemente e inversiones intraprediales que mejoran de forma constante los \u00edndices productivos de carne\u201d.<\/p>\n\n\n\n<p class=\"wp-block-paragraph\">Y a\u00f1adi\u00f3 que \u201cesas pol\u00edticas han permitido, fundamentalmente a trav\u00e9s de la inversi\u00f3n en infraestructura, que ha sido el subsidio m\u00e1s grande que ha recibido el sector privado para generar condiciones de producci\u00f3n y desarrollo econ\u00f3mico, consolidar esta realidad que hoy vive Formosa\u201d.<\/p>\n\n\n\n<p class=\"wp-block-paragraph\">Respecto del v\u00ednculo entre el Gobierno provincial y la Sociedad Rural de Formosa, el funcionario remarc\u00f3 que existe un canal de comunicaci\u00f3n continuo a trav\u00e9s de la Comisi\u00f3n Provincial de Sanidad Animal (COPROSA).<\/p>\n\n\n\n<p class=\"wp-block-paragraph\">Explic\u00f3 que \u201ceste espacio institucional permite, no solamente discutir, sino tambi\u00e9n arribar a acuerdos vinculados a la sanidad animal, aspectos patrimoniales y la seguridad de la producci\u00f3n\u201d.<\/p>\n\n\n\n<p class=\"wp-block-paragraph\">Asimismo, destac\u00f3 que el trabajo conjunto con los productores organizados busca \u201cponer sobre la agenda de trabajo las demandas, intereses y perspectivas del sector\u201d, consolidando una relaci\u00f3n constructiva \u201cal igual que con toda la comunidad formose\u00f1a\u201d.<\/p>\n\n\n\n<p class=\"wp-block-paragraph\">Finalmente, el titular de la cartera productiva remarc\u00f3 que la agenda t\u00e9cnica prioritario para los pr\u00f3ximos seis meses estar\u00e1 concentrada en las proyecciones meteorol\u00f3gicas, ya que \u201cde acuerdo con los informes oficiales, el trimestre de septiembre a noviembre marcar\u00e1 la activaci\u00f3n de \u2018El Ni\u00f1o\u2019, previ\u00e9ndose el pico del fen\u00f3meno h\u00eddrico entre diciembre de 2026 y febrero de 2027\u201d, precis\u00f3.<\/p>\n\n\n\n<p class=\"wp-block-paragraph\"><strong>Testimonio de los familiares de Ra\u00fal N\u00e9stor Maglietti<\/strong><\/p>\n\n\n\n<p class=\"wp-block-paragraph\">Por su parte, los familiares de \u201cDon Ra\u00fal N\u00e9stor Maglietti\u201d, expresaron su orgullo por el reconocimiento a su labor y se\u00f1alaron que \u201ces un gran orgullo y una emoci\u00f3n para toda la familia, los hermanos, nietos y sobrinos\u201d.<\/p>\n\n\n\n<p class=\"wp-block-paragraph\">\u201cRevivimos todo lo que vivimos de chicos, viendo a nuestro padre trabajar con tanta dedicaci\u00f3n y reunir a tantos productores para hacer realidad este predio\u201d, destacaron.<\/p>\n\n\n\n<p class=\"wp-block-paragraph\">Asimismo, remarcaron el valor afectivo e hist\u00f3rico de la presencia del primer mandatario provincial en el homenaje, comentando que \u201cel Gobernador nos dijo que vino especialmente por la gran amistad que lo un\u00eda, recordando adem\u00e1s que su primer trabajo como m\u00e9dico veterinario fue cuando \u00e9l se desempe\u00f1aba como ministro\u201d.<\/p>\n","protected":false},"excerpt":{"rendered":"<p>Este s\u00e1bado 5, el Gobierno de la provincia de Formosa acompa\u00f1\u00f3 la apertura oficial de la 81\u00aa Expo Rural organizada por la Sociedad Rural de Formosa en su hist\u00f3rico predio del&nbsp; barrio Virgen del Carmen de la ciudad capital. El evento cont\u00f3 con la presencia del gobernador Gildo Insfr\u00e1n, quien realiz\u00f3 el tradicional corte de [&hellip;]<\/p>\n","protected":false},"author":11,"featured_media":68324,"comment_status":"closed","ping_status":"closed","sticky":false,"template":"","format":"standard","meta":{"footnotes":""},"categories":[13],"tags":[],"class_list":["post-68323","post","type-post","status-publish","format-standard","has-post-thumbnail","hentry","category-produccion"],"_links":{"self":[{"href":"http:\/\/informeformosa.com.ar\/index.php?rest_route=\/wp\/v2\/posts\/68323","targetHints":{"allow":["GET"]}}],"collection":[{"href":"http:\/\/informeformosa.com.ar\/index.php?rest_route=\/wp\/v2\/posts"}],"about":[{"href":"http:\/\/informeformosa.com.ar\/index.php?rest_route=\/wp\/v2\/types\/post"}],"author":[{"embeddable":true,"href":"http:\/\/informeformosa.com.ar\/index.php?rest_route=\/wp\/v2\/users\/11"}],"replies":[{"embeddable":true,"href":"http:\/\/informeformosa.com.ar\/index.php?rest_route=%2Fwp%2Fv2%2Fcomments&post=68323"}],"version-history":[{"count":1,"href":"http:\/\/informeformosa.com.ar\/index.php?rest_route=\/wp\/v2\/posts\/68323\/revisions"}],"predecessor-version":[{"id":68325,"href":"http:\/\/informeformosa.com.ar\/index.php?rest_route=\/wp\/v2\/posts\/68323\/revisions\/68325"}],"wp:featuredmedia":[{"embeddable":true,"href":"http:\/\/informeformosa.com.ar\/index.php?rest_route=\/wp\/v2\/media\/68324"}],"wp:attachment":[{"href":"http:\/\/informeformosa.com.ar\/index.php?rest_route=%2Fwp%2Fv2%2Fmedia&parent=68323"}],"wp:term":[{"taxonomy":"category","embeddable":true,"href":"http:\/\/informeformosa.com.ar\/index.php?rest_route=%2Fwp%2Fv2%2Fcategories&post=68323"},{"taxonomy":"post_tag","embeddable":true,"href":"http:\/\/informeformosa.com.ar\/index.php?rest_route=%2Fwp%2Fv2%2Ftags&post=68323"}],"curies":[{"name":"wp","href":"https:\/\/api.w.org\/{rel}","templated":true}]}}