{"id":68319,"date":"2026-09-05T22:10:00","date_gmt":"2026-09-06T01:10:00","guid":{"rendered":"http:\/\/informeformosa.com.ar\/?p=68319"},"modified":"2026-09-06T10:15:41","modified_gmt":"2026-09-06T13:15:41","slug":"insfran-homenajeo-a-las-mujeres-indigenas-en-su-dia-son-guardianas-de-saberes-culturas-e-identidades-que-enriquecen-nuestra-provincia","status":"publish","type":"post","link":"http:\/\/informeformosa.com.ar\/?p=68319","title":{"rendered":"Insfr\u00e1n homenaje\u00f3 a las mujeres ind\u00edgenas en su d\u00eda: \u201cSon guardianas de saberes, culturas e identidades que enriquecen nuestra provincia\u201d"},"content":{"rendered":"\n<p class=\"wp-block-paragraph\">En el marco del D\u00eda Internacional de la Mujer Ind\u00edgena, conmemorado cada 5 de septiembre, el gobernador de Formosa, Gildo Insfr\u00e1n, brind\u00f3 un especial reconocimiento y saludo a todas las mujeres de las comunidades originarias formose\u00f1as.<\/p>\n\n\n\n<p class=\"wp-block-paragraph\">\u201cReconocemos y homenajeamos a las mujeres ind\u00edgenas, protagonistas fundamentales de nuestras comunidades y guardianas de saberes, culturas e identidades que enriquecen nuestra provincia\u201d, expres\u00f3 el mandatario.<\/p>\n\n\n\n<p class=\"wp-block-paragraph\">En esa misma l\u00ednea, el titular del Ejecutivo provincial destac\u00f3 que \u201csu fuerza, su trabajo y su compromiso est\u00e1n presentes en la educaci\u00f3n, la salud, la producci\u00f3n, el arte y en cada espacio de construcci\u00f3n de esta Formosa con m\u00e1s oportunidades para todos y todas\u201d.<\/p>\n","protected":false},"excerpt":{"rendered":"<p>En el marco del D\u00eda Internacional de la Mujer Ind\u00edgena, conmemorado cada 5 de septiembre, el gobernador de Formosa, Gildo Insfr\u00e1n, brind\u00f3 un especial reconocimiento y saludo a todas las mujeres de las comunidades originarias formose\u00f1as. \u201cReconocemos y homenajeamos a las mujeres ind\u00edgenas, protagonistas fundamentales de nuestras comunidades y guardianas de saberes, culturas e identidades [&hellip;]<\/p>\n","protected":false},"author":11,"featured_media":68321,"comment_status":"closed","ping_status":"closed","sticky":false,"template":"","format":"standard","meta":{"footnotes":""},"categories":[10],"tags":[],"class_list":["post-68319","post","type-post","status-publish","format-standard","has-post-thumbnail","hentry","category-cultura"],"_links":{"self":[{"href":"http:\/\/informeformosa.com.ar\/index.php?rest_route=\/wp\/v2\/posts\/68319","targetHints":{"allow":["GET"]}}],"collection":[{"href":"http:\/\/informeformosa.com.ar\/index.php?rest_route=\/wp\/v2\/posts"}],"about":[{"href":"http:\/\/informeformosa.com.ar\/index.php?rest_route=\/wp\/v2\/types\/post"}],"author":[{"embeddable":true,"href":"http:\/\/informeformosa.com.ar\/index.php?rest_route=\/wp\/v2\/users\/11"}],"replies":[{"embeddable":true,"href":"http:\/\/informeformosa.com.ar\/index.php?rest_route=%2Fwp%2Fv2%2Fcomments&post=68319"}],"version-history":[{"count":1,"href":"http:\/\/informeformosa.com.ar\/index.php?rest_route=\/wp\/v2\/posts\/68319\/revisions"}],"predecessor-version":[{"id":68322,"href":"http:\/\/informeformosa.com.ar\/index.php?rest_route=\/wp\/v2\/posts\/68319\/revisions\/68322"}],"wp:featuredmedia":[{"embeddable":true,"href":"http:\/\/informeformosa.com.ar\/index.php?rest_route=\/wp\/v2\/media\/68321"}],"wp:attachment":[{"href":"http:\/\/informeformosa.com.ar\/index.php?rest_route=%2Fwp%2Fv2%2Fmedia&parent=68319"}],"wp:term":[{"taxonomy":"category","embeddable":true,"href":"http:\/\/informeformosa.com.ar\/index.php?rest_route=%2Fwp%2Fv2%2Fcategories&post=68319"},{"taxonomy":"post_tag","embeddable":true,"href":"http:\/\/informeformosa.com.ar\/index.php?rest_route=%2Fwp%2Fv2%2Ftags&post=68319"}],"curies":[{"name":"wp","href":"https:\/\/api.w.org\/{rel}","templated":true}]}}