{"id":68315,"date":"2026-09-04T17:01:45","date_gmt":"2026-09-04T20:01:45","guid":{"rendered":"http:\/\/informeformosa.com.ar\/?p=68315"},"modified":"2026-09-04T17:01:45","modified_gmt":"2026-09-04T20:01:45","slug":"aseguran-que-el-mayor-porcentaje-de-afectacion-de-el-nino-esta-en-la-zona-este-de-la-provincia","status":"publish","type":"post","link":"http:\/\/informeformosa.com.ar\/?p=68315","title":{"rendered":"Aseguran que \u201cel mayor porcentaje de afectaci\u00f3n\u201d de El Ni\u00f1o \u201cest\u00e1 en la zona este de la provincia\u201d"},"content":{"rendered":"\n<p class=\"wp-block-paragraph\">Durante el encuentro desarrollado el jueves 3 de septiembre, se continu\u00f3 trabajando en las acciones con respecto al fen\u00f3meno de El Ni\u00f1o, en el marco de la segunda reuni\u00f3n de articulaci\u00f3n y diagn\u00f3stico interinstitucional, del cual participaron distintos organismos de la esfera del Gobierno de Formosa como nacional.<br>Entre los expositores, estuvo el ingeniero Ricardo Velazco, subsecretario de Desarrollo Rural Territorial del Ministerio de la Producci\u00f3n y Ambiente, quien present\u00f3 el estado de situaci\u00f3n del fen\u00f3meno en la regi\u00f3n y, en particular, su incidencia en la provincia, e hizo menci\u00f3n al desarrollo de una plataforma digital.<br>Adem\u00e1s, es importante mencionar que en la primera reuni\u00f3n surgi\u00f3 \u201cun dato importante\u201d a partir de un informe desarrollado por el INTA de El Colorado, que tiene como titular al ingeniero Federico Miranda.<br>Sobre ello, el funcionario se\u00f1al\u00f3 que \u201ca partir del estudio de datos hist\u00f3ricos de fen\u00f3menos de El Ni\u00f1o en la regi\u00f3n y, espec\u00edficamente, en la provincia de Formosa, nosotros tenemos la probabilidad de que 1,7 millones de hect\u00e1reas sean efectivamente afectadas por este fen\u00f3meno\u201d.<br>Entonces, en base a \u201clos pron\u00f3sticos y los organismos oficiales\u201d, se sabe que \u201cen Formosa El Ni\u00f1o ya es un hecho por lo que ya se habla del acoplamiento entre la cuesti\u00f3n de lo que est\u00e1 sucediendo en el oc\u00e9ano Pac\u00edfico y las temperaturas y lo que tiene que ver con el clima\u201d, explic\u00f3.<br>Por tanto, y de acuerdo a esto, \u201clo que tenemos, en este momento, es que el mapa de probabilidad de ocurrencia de afectaci\u00f3n del territorio, esto es, la totalidad o sumatoria de esa superficie\u201d, marca que \u201cel mayor porcentaje est\u00e1 en la zona este de la provincia\u201d, confirm\u00f3.<br>Ante ello, a partir de trabajos que viene desarrollando el Ministerio de la Producci\u00f3n y Ambiente, a trav\u00e9s de la Subsecretar\u00eda de Producci\u00f3n Sustentable, inform\u00f3 que \u201cse trabaj\u00f3 en el desarrollo de una plataforma que comprime toda una serie de informaci\u00f3n estad\u00edstica de registro de lluvias desde 1960 a la fecha\u201d.<br>Mediante esa aplicaci\u00f3n, \u201cpudimos analizar y estudiar el efecto localidad por localidad del fen\u00f3meno de El Ni\u00f1o en diferentes momentos de la historia\u201d, sostuvo. En efecto, se corrobor\u00f3 que \u201cel este de la provincia de Formosa claramente es la zona m\u00e1s afectada, naturalmente de llanura por lo que es el declive del territorio de noroeste hacia sureste, que se identifica en el mapa de la provincia buscando las aguas escurrir hacia el r\u00edo Paraguay\u201d, indic\u00f3.<br>Luego, Velazco recalc\u00f3 que, \u201ca partir del conocimiento de esta situaci\u00f3n, y que tuvimos un oto\u00f1o y un invierno con importante registro de lluvias, ya sabemos que las condiciones de partida para el ingreso de la temporada de lluvias es una condici\u00f3n desfavorable, esto es, tierras que ya est\u00e1n saturadas con agua y en algunos lugares, incluso con presencia de agua superficial\u201d.<br>Anticipaci\u00f3n estrat\u00e9gica<br>Entonces, en ese escenario, asegur\u00f3 que resulta clave \u201cla anticipaci\u00f3n estrat\u00e9gica y una acci\u00f3n coordinada para poder avanzar hacia estar preparados y ser eficientes en el caso de afrontar la eventual llegada de esta contingencia\u201d.<br>Del mismo modo, se monitorea la situaci\u00f3n de las cuencas de los r\u00edos Paraguay, Pilcomayo y Bermejo. A la vez, con todo el personal t\u00e9cnico que tiene la cartera productiva y ambiental distribuida en todo el territorio formose\u00f1o, el funcionario destac\u00f3 que \u201cse realizaron relevamientos territoriales de situaciones registradas en fen\u00f3menos de El Ni\u00f1o anteriores y zonas de afectaci\u00f3n\u201d.<br>As\u00ed toda esa informaci\u00f3n se integr\u00f3 en su totalidad, haciendo una labor rigurosa en funci\u00f3n de ir \u201cacoplando datos satelitales, catastrales, viales, a partir de que cada organismo brind\u00f3 su apoyo para hacer este trabajo y despu\u00e9s compartirlo con el resto\u201d, enfatiz\u00f3 al profundizar en torno a la plataforma digital.<br>Dijo adem\u00e1s, en ese punto, Velazco que colaboraron en esto organismos como \u201cla Secretar\u00eda de Ciencia y Tecnolog\u00eda, el Instituto Polit\u00e9cnico Formosa, al igual que el INTA El Colorado, entre otros\u201d; de esa manera, esta aplicaci\u00f3n digital monitorea \u201cpor parcelas catastrales o por departamentos cu\u00e1l es el nivel de afectaci\u00f3n de esa superficie\u201d, explic\u00f3.<br>Agreg\u00f3 que, por tanto, \u201cesta herramienta nos sirve para tomar decisiones como organismos de Gobierno\u201d y tambi\u00e9n, inclusive, se cre\u00f3 con el fin de posibilitar \u201cel acceso al productor y al p\u00fablico en general\u201d, aunque \u201ccon distintos niveles por la informaci\u00f3n que contendr\u00e1 la plataforma\u201d, aclar\u00f3.<br>Esta innovaci\u00f3n digital, afirm\u00f3, \u201cque ya est\u00e1 avanzada, puesto que se encuentra en estado de cuestiones t\u00e9cnicas para poder disponer espacio en la Unidad Provincial de Sistemas y Tecnolog\u00edas de Informaci\u00f3n (UPSTI)\u201d.<br>Y recalc\u00f3 nuevamente que con ella se ir\u00e1 evaluando, por ejemplo, \u201cqu\u00e9 porcentaje del campo se podr\u00eda ver afectado en funci\u00f3n de datos hist\u00f3ricos\u201d, y a\u00f1adi\u00f3 que en ese orden \u201ca trav\u00e9s del \u00e1rea de Sistemas e Informaci\u00f3n Geogr\u00e1fica dependiente del MPyA ya se viene realizando un trabajo de detecci\u00f3n satelital y confirmando en terreno de la cantidad de puntos cr\u00edticos donde hay afectaci\u00f3n del escurrimiento natural de las aguas a trav\u00e9s de cauces, paleo cauces, arroyos, lagunas, etc\u00e9tera\u201d.<br>Hasta el momento, \u201cse llevan relevados 119 puntos de afectaci\u00f3n\u201d, cit\u00f3, al dar su informe durante el encuentro de autoridades provinciales y nacionales.<\/p>\n","protected":false},"excerpt":{"rendered":"<p>Durante el encuentro desarrollado el jueves 3 de septiembre, se continu\u00f3 trabajando en las acciones con respecto al fen\u00f3meno de El Ni\u00f1o, en el marco de la segunda reuni\u00f3n de articulaci\u00f3n y diagn\u00f3stico interinstitucional, del cual participaron distintos organismos de la esfera del Gobierno de Formosa como nacional.Entre los expositores, estuvo el ingeniero Ricardo Velazco, [&hellip;]<\/p>\n","protected":false},"author":11,"featured_media":68316,"comment_status":"closed","ping_status":"closed","sticky":false,"template":"","format":"standard","meta":{"footnotes":""},"categories":[21],"tags":[],"class_list":["post-68315","post","type-post","status-publish","format-standard","has-post-thumbnail","hentry","category-provinciales"],"_links":{"self":[{"href":"http:\/\/informeformosa.com.ar\/index.php?rest_route=\/wp\/v2\/posts\/68315","targetHints":{"allow":["GET"]}}],"collection":[{"href":"http:\/\/informeformosa.com.ar\/index.php?rest_route=\/wp\/v2\/posts"}],"about":[{"href":"http:\/\/informeformosa.com.ar\/index.php?rest_route=\/wp\/v2\/types\/post"}],"author":[{"embeddable":true,"href":"http:\/\/informeformosa.com.ar\/index.php?rest_route=\/wp\/v2\/users\/11"}],"replies":[{"embeddable":true,"href":"http:\/\/informeformosa.com.ar\/index.php?rest_route=%2Fwp%2Fv2%2Fcomments&post=68315"}],"version-history":[{"count":1,"href":"http:\/\/informeformosa.com.ar\/index.php?rest_route=\/wp\/v2\/posts\/68315\/revisions"}],"predecessor-version":[{"id":68317,"href":"http:\/\/informeformosa.com.ar\/index.php?rest_route=\/wp\/v2\/posts\/68315\/revisions\/68317"}],"wp:featuredmedia":[{"embeddable":true,"href":"http:\/\/informeformosa.com.ar\/index.php?rest_route=\/wp\/v2\/media\/68316"}],"wp:attachment":[{"href":"http:\/\/informeformosa.com.ar\/index.php?rest_route=%2Fwp%2Fv2%2Fmedia&parent=68315"}],"wp:term":[{"taxonomy":"category","embeddable":true,"href":"http:\/\/informeformosa.com.ar\/index.php?rest_route=%2Fwp%2Fv2%2Fcategories&post=68315"},{"taxonomy":"post_tag","embeddable":true,"href":"http:\/\/informeformosa.com.ar\/index.php?rest_route=%2Fwp%2Fv2%2Ftags&post=68315"}],"curies":[{"name":"wp","href":"https:\/\/api.w.org\/{rel}","templated":true}]}}