{"id":68312,"date":"2026-09-04T16:54:42","date_gmt":"2026-09-04T19:54:42","guid":{"rendered":"http:\/\/informeformosa.com.ar\/?p=68312"},"modified":"2026-09-04T16:54:43","modified_gmt":"2026-09-04T19:54:43","slug":"el-nino-rodriguez-aseguro-que-formosa-ya-supero-la-primera-etapa-del-fenomeno","status":"publish","type":"post","link":"http:\/\/informeformosa.com.ar\/?p=68312","title":{"rendered":"El Ni\u00f1o: Rodr\u00edguez asegur\u00f3 que Formosa ya super\u00f3 la primera etapa del fen\u00f3meno"},"content":{"rendered":"\n<p class=\"wp-block-paragraph\">El ministro de Producci\u00f3n y Ambiente de la provincia de Formosa, licenciado Lucas Rodr\u00edguez, fue uno de los oradores en la segunda reuni\u00f3n de articulaci\u00f3n y diagn\u00f3stico interinstitucional ante la inminencia del fen\u00f3meno meteorol\u00f3gico El Ni\u00f1o, que se desarroll\u00f3 el pasado jueves 3 de septiembre, en el marco de las acciones preventivas coordinadas por el Gobierno provincial.<\/p>\n\n\n\n<p class=\"wp-block-paragraph\">En un tramo de su alocuci\u00f3n, el funcionario sostuvo que Formosa ingres\u00f3 en la segunda fase de este evento meteorol\u00f3gico porque, tal como refiri\u00f3 en la primera reuni\u00f3n de esta \u00edndole, el 22 de julio, \u201cdurante el primer trimestre, de junio a agosto, era la fase de transici\u00f3n, como los servicios meteorol\u00f3gicos lo defin\u00edan\u201d.<\/p>\n\n\n\n<p class=\"wp-block-paragraph\">\u201cLa estaci\u00f3n seca, en la que no llueve aqu\u00ed en el norte de la Argentina, hemos visto c\u00f3mo durante el \u00faltimo mes de agosto se han producido lluvias muy importantes y que no son normales en el interior de la provincia ni aqu\u00ed en el este, fundamentalmente\u201d, se\u00f1al\u00f3.<\/p>\n\n\n\n<p class=\"wp-block-paragraph\">Y profundiz\u00f3: \u201cHemos venido tambi\u00e9n de un oto\u00f1o que super\u00f3 la media de precipitaciones para lo que es el trimestre anterior a junio. Esa primera fase de transici\u00f3n (junio, julio, agosto) ha sido superada\u201d.<\/p>\n\n\n\n<p class=\"wp-block-paragraph\">En ese sentido, Rodr\u00edguez garantiz\u00f3 que se vio concretado el escenario inicial del Fen\u00f3meno y que, a partir de este trimestre que inicia en septiembre y finaliza en noviembre, \u00e9poca estival de lluvias para la regi\u00f3n, \u201cel Servicio Meteorol\u00f3gico Nacional en la \u00faltima semana, emiti\u00f3 su \u00faltimo informe que claramente muestra como en el este y noreste de Argentina, se van a producir las mayores precipitaciones\u201d.<\/p>\n\n\n\n<p class=\"wp-block-paragraph\">\u201cAfortunadamente no es grande la proporci\u00f3n de superficie de suelo formose\u00f1o que est\u00e1 analizada o que est\u00e1 volcada en el informe del Servicio Meteorol\u00f3gico como afectado\u201d, anticip\u00f3.<\/p>\n\n\n\n<p class=\"wp-block-paragraph\">Asimismo, el Ministro defini\u00f3 \u201cde una manera simple\u201d a este segundo trimestre como \u201cla fase de activaci\u00f3n del Fen\u00f3meno\u201d, por lo que se esperan lluvias por encima del promedio de lo que sucede durante estos tres meses.<\/p>\n\n\n\n<p class=\"wp-block-paragraph\">\u201cLa tercera fase es donde se va a verificar el mayor impacto de El Ni\u00f1o, seg\u00fan los servicios meteorol\u00f3gicos y lo que nosotros estamos manejando con toda esta informaci\u00f3n territorial, satelital, de organismos p\u00fablicos que se fueron vinculando para consolidar un solo informe\u201d, se\u00f1al\u00f3.<\/p>\n\n\n\n<p class=\"wp-block-paragraph\">Es decir, el trimestre que va de diciembre de este a\u00f1o a febrero \u2013 marzo del que viene, explic\u00f3 Rodr\u00edguez, ser\u00eda la tercera fase donde, probablemente, \u201cse exprese con mayor contundencia el fen\u00f3meno de El Ni\u00f1o\u201d.<\/p>\n\n\n\n<p class=\"wp-block-paragraph\">En ese marco, pidi\u00f3 \u201cno ser alarmistas\u201d y detall\u00f3 que \u201cesto significa que pueden ocurrir lluvias abundantes, por encima del promedio\u201d pero, advirti\u00f3, \u201ctambi\u00e9n la fuerza de los fen\u00f3menos pueden ser mucho m\u00e1s importantes\u201d.<\/p>\n\n\n\n<p class=\"wp-block-paragraph\">\u201cY esto lo podemos traducir en tormentas m\u00e1s fuertes, en afectaci\u00f3n a infraestructura p\u00fablica, entender tambi\u00e9n la cuesti\u00f3n social, de salud, c\u00f3mo el sistema educativo pasa a jugar un rol fundamental tambi\u00e9n para la prevenci\u00f3n de la comunidad y que esta informaci\u00f3n pueda distribuirse a lo largo y ancho de la provincia\u201d, a\u00f1adi\u00f3.<\/p>\n\n\n\n<p class=\"wp-block-paragraph\">Adem\u00e1s, el titular de la cartera productiva, reiter\u00f3 que, tal como lo previeron en los \u201csegundos 30 d\u00edas de los 60 de preparaci\u00f3n que ten\u00edamos antes que se active el Fen\u00f3meno\u201d, al ingresar a septiembre \u201clas lluvias que se esperan para el inicio de este ciclo estival probablemente se van a dar de manera normal al principio, pero van a ir intensific\u00e1ndose\u201d.<\/p>\n\n\n\n<p class=\"wp-block-paragraph\">\u201cCuando hab\u00edamos hecho la primera reuni\u00f3n, el primer reporte se hablaba de un 96% de probabilidad de que siga ocurriendo el Fen\u00f3meno de El Ni\u00f1o entre los meses de diciembre, enero y febrero. Hoy ese porcentaje se elev\u00f3 a 100\u201d, aclar\u00f3.<\/p>\n\n\n\n<p class=\"wp-block-paragraph\">Y profundiz\u00f3: \u201cHay una concurrencia de distintos informes y un acuerdo entre los distintos servicios meteorol\u00f3gicos de que este evento ya se concret\u00f3; ya est\u00e1 presente en gran parte de Sudam\u00e9rica y se va a expresar de distintas maneras\u201d.<\/p>\n\n\n\n<p class=\"wp-block-paragraph\">Rodr\u00edguez ejemplific\u00f3 con el caso de Brasil donde \u201cest\u00e1n hablando de sequ\u00eda en el noreste, en la cuenca alta del r\u00edo Pilcomayo\u201d y, a diferencia de lo ocurrido en el 97\u2019, 98\u2019 y 2016, \u201clos niveles del r\u00edo Paraguay no son los que ten\u00eda en ese momento\u201d, por lo tanto, \u201cse da el efecto tap\u00f3n, que muchas veces se produce cuando el nivel del r\u00edo Paraguay est\u00e1 alto y no permite que el agua de los riachos y del Ba\u00f1ado La Estrella y el Pilcomayo puedan escurrir n y evacuarse naturalmente\u201d.<\/p>\n\n\n\n<p class=\"wp-block-paragraph\">\u201cHoy esa situaci\u00f3n no es tan dr\u00e1stica como hab\u00eda sucedido en el a\u00f1o 97 y 98\u201d, concluy\u00f3.<\/p>\n","protected":false},"excerpt":{"rendered":"<p>El ministro de Producci\u00f3n y Ambiente de la provincia de Formosa, licenciado Lucas Rodr\u00edguez, fue uno de los oradores en la segunda reuni\u00f3n de articulaci\u00f3n y diagn\u00f3stico interinstitucional ante la inminencia del fen\u00f3meno meteorol\u00f3gico El Ni\u00f1o, que se desarroll\u00f3 el pasado jueves 3 de septiembre, en el marco de las acciones preventivas coordinadas por el [&hellip;]<\/p>\n","protected":false},"author":11,"featured_media":68313,"comment_status":"closed","ping_status":"closed","sticky":false,"template":"","format":"standard","meta":{"footnotes":""},"categories":[21],"tags":[],"class_list":["post-68312","post","type-post","status-publish","format-standard","has-post-thumbnail","hentry","category-provinciales"],"_links":{"self":[{"href":"http:\/\/informeformosa.com.ar\/index.php?rest_route=\/wp\/v2\/posts\/68312","targetHints":{"allow":["GET"]}}],"collection":[{"href":"http:\/\/informeformosa.com.ar\/index.php?rest_route=\/wp\/v2\/posts"}],"about":[{"href":"http:\/\/informeformosa.com.ar\/index.php?rest_route=\/wp\/v2\/types\/post"}],"author":[{"embeddable":true,"href":"http:\/\/informeformosa.com.ar\/index.php?rest_route=\/wp\/v2\/users\/11"}],"replies":[{"embeddable":true,"href":"http:\/\/informeformosa.com.ar\/index.php?rest_route=%2Fwp%2Fv2%2Fcomments&post=68312"}],"version-history":[{"count":1,"href":"http:\/\/informeformosa.com.ar\/index.php?rest_route=\/wp\/v2\/posts\/68312\/revisions"}],"predecessor-version":[{"id":68314,"href":"http:\/\/informeformosa.com.ar\/index.php?rest_route=\/wp\/v2\/posts\/68312\/revisions\/68314"}],"wp:featuredmedia":[{"embeddable":true,"href":"http:\/\/informeformosa.com.ar\/index.php?rest_route=\/wp\/v2\/media\/68313"}],"wp:attachment":[{"href":"http:\/\/informeformosa.com.ar\/index.php?rest_route=%2Fwp%2Fv2%2Fmedia&parent=68312"}],"wp:term":[{"taxonomy":"category","embeddable":true,"href":"http:\/\/informeformosa.com.ar\/index.php?rest_route=%2Fwp%2Fv2%2Fcategories&post=68312"},{"taxonomy":"post_tag","embeddable":true,"href":"http:\/\/informeformosa.com.ar\/index.php?rest_route=%2Fwp%2Fv2%2Ftags&post=68312"}],"curies":[{"name":"wp","href":"https:\/\/api.w.org\/{rel}","templated":true}]}}