{"id":68308,"date":"2026-09-04T16:47:00","date_gmt":"2026-09-04T19:47:00","guid":{"rendered":"http:\/\/informeformosa.com.ar\/?p=68308"},"modified":"2026-09-04T16:47:01","modified_gmt":"2026-09-04T19:47:01","slug":"festival-provincial-de-la-matematica","status":"publish","type":"post","link":"http:\/\/informeformosa.com.ar\/?p=68308","title":{"rendered":"Festival Provincial de la Matem\u00e1tica"},"content":{"rendered":"\n<p class=\"wp-block-paragraph\">El 31 de agosto se realiz\u00f3 el lanzamiento del Festival Provincial de la Matem\u00e1tica, que tiene como objetivo su fortalecimiento e intensificaci\u00f3n, contribuyendo a la mejora constante de los desempe\u00f1os de los estudiantes de cuarto, quinto y sexto grado de primaria. La jornada se llev\u00f3 a cabo en la EPEP N.\u00b0 124 \u00abCoronel Luis Jorge Fontana\u00bb de la ciudad Capital.&nbsp;<\/p>\n\n\n\n<p class=\"wp-block-paragraph\">La misma cont\u00f3 con la presencia del ingeniero Julio Ren\u00e9 Araoz, ministro de Cultura y Educaci\u00f3n, dem\u00e1s autoridades, directivos, docentes y estudiantes, se desarrollaron actividades matem\u00e1ticas, promoviendo la exploraci\u00f3n, la resoluci\u00f3n de situaciones problem\u00e1ticas y el intercambio de estrategias, promoviendo experiencias de aprendizaje significativas, fortaleciendo la ense\u00f1anza de la mencionada ciencia exacta en las escuelas de toda la provincia, teniendo como premisa, que la Matem\u00e1tica tambi\u00e9n se aprende explorando, resolviendo y compartiendo estrategias.<\/p>\n\n\n\n<p class=\"wp-block-paragraph\">La propuesta alcanza a 582 escuelas, 654 docentes de las 19 delegaciones zonales, contando con 582 sedes en toda Formosa.<\/p>\n","protected":false},"excerpt":{"rendered":"<p>El 31 de agosto se realiz\u00f3 el lanzamiento del Festival Provincial de la Matem\u00e1tica, que tiene como objetivo su fortalecimiento e intensificaci\u00f3n, contribuyendo a la mejora constante de los desempe\u00f1os de los estudiantes de cuarto, quinto y sexto grado de primaria. La jornada se llev\u00f3 a cabo en la EPEP N.\u00b0 124 \u00abCoronel Luis Jorge [&hellip;]<\/p>\n","protected":false},"author":11,"featured_media":68309,"comment_status":"closed","ping_status":"closed","sticky":false,"template":"","format":"standard","meta":{"footnotes":""},"categories":[4],"tags":[],"class_list":["post-68308","post","type-post","status-publish","format-standard","has-post-thumbnail","hentry","category-educacion"],"_links":{"self":[{"href":"http:\/\/informeformosa.com.ar\/index.php?rest_route=\/wp\/v2\/posts\/68308","targetHints":{"allow":["GET"]}}],"collection":[{"href":"http:\/\/informeformosa.com.ar\/index.php?rest_route=\/wp\/v2\/posts"}],"about":[{"href":"http:\/\/informeformosa.com.ar\/index.php?rest_route=\/wp\/v2\/types\/post"}],"author":[{"embeddable":true,"href":"http:\/\/informeformosa.com.ar\/index.php?rest_route=\/wp\/v2\/users\/11"}],"replies":[{"embeddable":true,"href":"http:\/\/informeformosa.com.ar\/index.php?rest_route=%2Fwp%2Fv2%2Fcomments&post=68308"}],"version-history":[{"count":1,"href":"http:\/\/informeformosa.com.ar\/index.php?rest_route=\/wp\/v2\/posts\/68308\/revisions"}],"predecessor-version":[{"id":68310,"href":"http:\/\/informeformosa.com.ar\/index.php?rest_route=\/wp\/v2\/posts\/68308\/revisions\/68310"}],"wp:featuredmedia":[{"embeddable":true,"href":"http:\/\/informeformosa.com.ar\/index.php?rest_route=\/wp\/v2\/media\/68309"}],"wp:attachment":[{"href":"http:\/\/informeformosa.com.ar\/index.php?rest_route=%2Fwp%2Fv2%2Fmedia&parent=68308"}],"wp:term":[{"taxonomy":"category","embeddable":true,"href":"http:\/\/informeformosa.com.ar\/index.php?rest_route=%2Fwp%2Fv2%2Fcategories&post=68308"},{"taxonomy":"post_tag","embeddable":true,"href":"http:\/\/informeformosa.com.ar\/index.php?rest_route=%2Fwp%2Fv2%2Ftags&post=68308"}],"curies":[{"name":"wp","href":"https:\/\/api.w.org\/{rel}","templated":true}]}}