{"id":68303,"date":"2026-09-03T17:09:54","date_gmt":"2026-09-03T20:09:54","guid":{"rendered":"http:\/\/informeformosa.com.ar\/?p=68303"},"modified":"2026-09-03T17:11:53","modified_gmt":"2026-09-03T20:11:53","slug":"insfran-nosotros-somos-federales-y-no-miramos-a-europa-miramos-adentro-del-pais-ese-es-el-orgullo-que-tenemos-que-tener","status":"publish","type":"post","link":"http:\/\/informeformosa.com.ar\/?p=68303","title":{"rendered":"Insfr\u00e1n: \u201cNosotros somos federales y no miramos a Europa, miramos adentro del pa\u00eds, ese es el orgullo que tenemos que tener\u201d"},"content":{"rendered":"\n<p class=\"wp-block-paragraph\">El gobernador de Formosa, Gildo Insfr\u00e1n, ofici\u00f3 como orador principal en la inauguraci\u00f3n de las diversas obras que llev\u00f3 adelante en la localidad de Banco Payagu\u00e1 este jueves 3 de septiembre y que consisti\u00f3 en el Anexo de la Escuela Provincial de Educaci\u00f3n Secundaria (EPES) N\u00b0 62, el edificio del centro de salud, la activaci\u00f3n de la conectividad m\u00f3vil 4 G y la plaza de la comunidad.<\/p>\n\n\n\n<p class=\"wp-block-paragraph\">Desde all\u00ed, tom\u00f3 la palabra y record\u00f3 que estas habilitaciones estaban previstas desde hace un tiempo pero \u201clas circunstancias clim\u00e1ticas no permit\u00edan hacerlo\u201d por lo que celebr\u00f3 que \u201choy, con este hermoso d\u00eda no pod\u00edamos perder la oportunidad de inaugurar obras\u201d.<\/p>\n\n\n\n<p class=\"wp-block-paragraph\">Adem\u00e1s, el mandatario hizo memoria hist\u00f3rica y se\u00f1al\u00f3 que la localidad lleva el nombre de Banco Payagu\u00e1, tambi\u00e9n porque, en los a\u00f1os 1535 y 1536, \u201ccuando llegaban los se\u00f1ores conquistadores e iban hasta Asunci\u00f3n, los payaguaes eran los que le daban la bienvenida, porque eran eximios navegantes los originarios que ocupaban este territorios\u201d, por ello, el lugar se llama como la etnia originaria: Payagu\u00e1.<\/p>\n\n\n\n<p class=\"wp-block-paragraph\">\u201cYo ven\u00eda desde que era diputado, antes entrar era un sacrificio inmenso, los costados de la ruta son bajos, hab\u00eda lagunas, se generaban cortes pero igual lleg\u00e1bamos. Recuerdo que aqu\u00ed en frente hay una isla y ah\u00ed hab\u00eda una escuela; pregunt\u00e9 y me dijeron que no existe m\u00e1s porque cuando eso me fui con el \u00faltimo maestro que era maestro, director y portero como dec\u00eda el compa\u00f1ero Floro Bogado y Banco Payagu\u00e1 no era lo que vemos hoy, esto es una hermosa localidad\u201d, relat\u00f3.<\/p>\n\n\n\n<p class=\"wp-block-paragraph\">En ese sentido, asegur\u00f3 que \u201choy no es un d\u00eda m\u00e1s\u201d sino que es una jornada \u201cespecial\u201d Departamento Laish\u00ed que \u201cconoce lo que esto significaba y significa ahora\u201d porque \u201cesto es un pueblo, antes era un paraje\u201d, por lo que dese\u00f3 que \u201csigamos construyendo y que sea cada vez m\u00e1s contenedor y atraiga m\u00e1s pobladores que nuestra provincia lo necesita\u201d.<\/p>\n\n\n\n<p class=\"wp-block-paragraph\"><strong>M\u00e1s obras<\/strong><\/p>\n\n\n\n<p class=\"wp-block-paragraph\">En otro tramo de su alocuci\u00f3n, Insfr\u00e1n puso en valor que los estudiantes del lugar puedan acceder al Jard\u00edn de Infantes, Primaria y Anexo de Secundaria que dej\u00f3 habilitada en la fecha pero, adem\u00e1s, resalt\u00f3 la firma del llamado a licitaci\u00f3n para refaccionar y ampliar \u201cla parte del comedor, biblioteca y otras \u00e1reas\u201d.<\/p>\n\n\n\n<p class=\"wp-block-paragraph\">\u201cSiempre hablamos que la educaci\u00f3n es una cuesti\u00f3n de Estado como la salud y el deporte, por eso estamos aqu\u00ed bajo este hermoso polideportivo en Payagua\u201d, remarc\u00f3.<\/p>\n\n\n\n<p class=\"wp-block-paragraph\">En esa l\u00ednea de revisionismo, trajo a la memoria a \u201cDon Goretta\u201d quien fuera un \u201cgran dirigente del Partido Justicialista, de los viejos, que muri\u00f3 en la puerta del Partido, en esta era democr\u00e1tica y que tuve, por esa raz\u00f3n, el honor de haberlo conocido\u201d.<\/p>\n\n\n\n<p class=\"wp-block-paragraph\"><strong>Conectividad 4G<\/strong><\/p>\n\n\n\n<p class=\"wp-block-paragraph\">En otro orden, el Gobernador puso en valor la habilitaci\u00f3n de \u00edndole tecnol\u00f3gica \u201ctan importante que tambi\u00e9n estamos inaugurando hoy\u201d refiri\u00e9ndose al nodo digital con la empresa privada Telecom \u201cpara que tengan 4G\u201d.<\/p>\n\n\n\n<p class=\"wp-block-paragraph\">Y destac\u00f3 que la misma \u201ctambi\u00e9n hay en La Rinconada y en otros lugares de Ram\u00f3n Lista\u201d.<\/p>\n\n\n\n<p class=\"wp-block-paragraph\"><strong>Ni comunistas, ni capitalistas: Peronistas<\/strong><\/p>\n\n\n\n<p class=\"wp-block-paragraph\">Por ello, Insfr\u00e1n pidi\u00f3 que \u201ccuenten esto en Buenos Aires\u201d ya que \u201chablan permanentemente mal de nosotros y no conocen el territorio, ni a nosotros\u201d.<\/p>\n\n\n\n<p class=\"wp-block-paragraph\">\u201cY no nos van a conocer nunca, porque nosotros somos federales y no miramos a Europa, miramos adentro del pa\u00eds; ese es el orgullo que tenemos que tener\u201d, remarc\u00f3.<\/p>\n\n\n\n<p class=\"wp-block-paragraph\">Dijo, tambi\u00e9n, que \u201cno utilizamos agravios como lo acostumbra hacer el se\u00f1or Presidente a personas que no piensan como \u00e9l\u201d porque, consider\u00f3, \u201ces t\u00edpico su lenguaje del fascismo: atacar a esa manera que no piensa como \u00e9l, a los periodistas, funcionarios\u201d.<\/p>\n\n\n\n<p class=\"wp-block-paragraph\">\u201cQue siga atacando ese Se\u00f1or, en Formosa somos Peronistas y no como \u00e9l dice que somos Comunistas; no, nosotros representamos la tercera posici\u00f3n, es algo equidistante entre el capitalismo y el comunismo, porque para nosotros no es la explotaci\u00f3n del hombre por el hombre ni el hombre por el Estado, sino que se busca la grandeza de la Patria y la felicidad del Pueblo Argentino\u201d, garantiz\u00f3.<\/p>\n\n\n\n<p class=\"wp-block-paragraph\">Por \u00faltimo, anticip\u00f3 que \u201cnos va a tener que seguir aguantando todav\u00eda\u201d y le advirti\u00f3 al titular del Ejecutivo nacional \u201cque no se apure en lanzar su campa\u00f1a para el 27 porque va a tener un gran susto\u201d.<\/p>\n","protected":false},"excerpt":{"rendered":"<p>El gobernador de Formosa, Gildo Insfr\u00e1n, ofici\u00f3 como orador principal en la inauguraci\u00f3n de las diversas obras que llev\u00f3 adelante en la localidad de Banco Payagu\u00e1 este jueves 3 de septiembre y que consisti\u00f3 en el Anexo de la Escuela Provincial de Educaci\u00f3n Secundaria (EPES) N\u00b0 62, el edificio del centro de salud, la activaci\u00f3n [&hellip;]<\/p>\n","protected":false},"author":11,"featured_media":68307,"comment_status":"closed","ping_status":"closed","sticky":false,"template":"","format":"standard","meta":{"footnotes":""},"categories":[11],"tags":[],"class_list":["post-68303","post","type-post","status-publish","format-standard","has-post-thumbnail","hentry","category-interior"],"_links":{"self":[{"href":"http:\/\/informeformosa.com.ar\/index.php?rest_route=\/wp\/v2\/posts\/68303","targetHints":{"allow":["GET"]}}],"collection":[{"href":"http:\/\/informeformosa.com.ar\/index.php?rest_route=\/wp\/v2\/posts"}],"about":[{"href":"http:\/\/informeformosa.com.ar\/index.php?rest_route=\/wp\/v2\/types\/post"}],"author":[{"embeddable":true,"href":"http:\/\/informeformosa.com.ar\/index.php?rest_route=\/wp\/v2\/users\/11"}],"replies":[{"embeddable":true,"href":"http:\/\/informeformosa.com.ar\/index.php?rest_route=%2Fwp%2Fv2%2Fcomments&post=68303"}],"version-history":[{"count":1,"href":"http:\/\/informeformosa.com.ar\/index.php?rest_route=\/wp\/v2\/posts\/68303\/revisions"}],"predecessor-version":[{"id":68305,"href":"http:\/\/informeformosa.com.ar\/index.php?rest_route=\/wp\/v2\/posts\/68303\/revisions\/68305"}],"wp:featuredmedia":[{"embeddable":true,"href":"http:\/\/informeformosa.com.ar\/index.php?rest_route=\/wp\/v2\/media\/68307"}],"wp:attachment":[{"href":"http:\/\/informeformosa.com.ar\/index.php?rest_route=%2Fwp%2Fv2%2Fmedia&parent=68303"}],"wp:term":[{"taxonomy":"category","embeddable":true,"href":"http:\/\/informeformosa.com.ar\/index.php?rest_route=%2Fwp%2Fv2%2Fcategories&post=68303"},{"taxonomy":"post_tag","embeddable":true,"href":"http:\/\/informeformosa.com.ar\/index.php?rest_route=%2Fwp%2Fv2%2Ftags&post=68303"}],"curies":[{"name":"wp","href":"https:\/\/api.w.org\/{rel}","templated":true}]}}