{"id":68291,"date":"2026-09-01T23:07:28","date_gmt":"2026-09-02T02:07:28","guid":{"rendered":"http:\/\/informeformosa.com.ar\/?p=68291"},"modified":"2026-09-01T23:07:32","modified_gmt":"2026-09-02T02:07:32","slug":"maslaton-refuto-una-nueva-incoherencia-de-paoltroni","status":"publish","type":"post","link":"http:\/\/informeformosa.com.ar\/?p=68291","title":{"rendered":"Maslat\u00f3n refut\u00f3 \u201cuna nueva incoherencia\u201d de Paoltroni"},"content":{"rendered":"\n<p class=\"wp-block-paragraph\">El abogado y analista financiero Carlos Maslat\u00f3n rechaz\u00f3 contundente las declaraciones vertidas por el senador nacional Francisco Paoltroni, ya que \u201csi le fue mal, tiene que culpar a su propio Gobierno\u201d, le aconsej\u00f3, en vez de responsabilizar a la provincia de Formosa por la situaci\u00f3n de sus empresas.<\/p>\n\n\n\n<p class=\"wp-block-paragraph\">Es \u201cuna nueva incoherencia\u201d del senador atribuir las dificultades de su actividad al Gobierno provincial, sostuvo Maslat\u00f3n, al opinar sobre el video grabado por el legislador libertario: \u201cSi a vos te va mal econ\u00f3micamente, no en Formosa, en C\u00f3rdoba, en Tierra del Fuego o en Capital Federal, la responsabilidad es del Gobierno nacional\u201d, apunt\u00f3 sin medias tintas y totalmente en desacuerdo con los dichos del senador.<\/p>\n\n\n\n<p class=\"wp-block-paragraph\">En su an\u00e1lisis subray\u00f3 el hecho de que tanto gobernadores como intendentes se ocupan de administrar la cosa p\u00fablica local, sin tener ninguna injerencia ni tampoco capacidad de definir cuestiones de la macroeconom\u00eda que las define el Gobierno nacional.<\/p>\n\n\n\n<p class=\"wp-block-paragraph\">En ese aspecto fue contundente en su posici\u00f3n contraria a la pol\u00edtica econ\u00f3mica de la gesti\u00f3n del presidente Javier Milei, enfatizando que \u201cArgentina, con estas reglas de juego, es un pa\u00eds car\u00edsimo en t\u00e9rminos de moneda dura\u201d.<\/p>\n\n\n\n<p class=\"wp-block-paragraph\">Ante ese escenario y el incremento de los costos internos medidos en d\u00f3lares se vuelve cada vez m\u00e1s complicado salir de la crisis que, as\u00ed como afect\u00f3 la situaci\u00f3n de Paoltroni, tambi\u00e9n la padecen los distintos sectores productivos del pa\u00eds.<\/p>\n\n\n\n<p class=\"wp-block-paragraph\">Esto a ra\u00edz de que los costos de las empresas se incrementaron fuertemente, a tal punto de multiplicarse \u201cpor siete, ocho, nueve, diez en tres a\u00f1os, y los precios de lo que venden a lo mejor por tres o por cuatro. Entonces no le da m\u00e1s, ni a \u00e9l, ni a cientos de miles de empresas grandes, peque\u00f1as y medianas en el pa\u00eds\u201d, dilucid\u00f3.<\/p>\n\n\n\n<p class=\"wp-block-paragraph\">Lo hizo con datos que desnudan las incongruencias esgrimidas por el legislador, en su af\u00e1n de criticar a la gesti\u00f3n provincial, sin salpicar al Gobierno nacional, debido a su pertenencia al espacio pol\u00edtico que gobierna la Argentina: La Libertad Avanza.<\/p>\n\n\n\n<p class=\"wp-block-paragraph\">Si no fuera por eso, \u201c\u00e9l tendr\u00eda que haber concentrado su cr\u00edtica en las reglas de juego que fija el Gobierno de Milei con el ministro (de Econom\u00eda Luis) Caputo\u201d, apunt\u00f3, al mismo tiempo que le aconsej\u00f3 al menos ser \u201cm\u00e1s sincero\u201d en sus palabras.<\/p>\n\n\n\n<p class=\"wp-block-paragraph\">\u201cAhora, si \u00e9l no puede ser sincero porque es parte del Gobierno, aunque sea del Poder Legislativo, por lo menos no deber\u00eda estar culpando injustamente a quienes no tienen la culpa\u201d, enfatiz\u00f3, porque su situaci\u00f3n no es aislada, sino que es un problema que hoy afecta a \u201ccientos de miles por todo el pa\u00eds\u201d.<\/p>\n\n\n\n<p class=\"wp-block-paragraph\">Plante\u00f3 que \u201cen la pol\u00edtica econ\u00f3mica nacional est\u00e1n las causas que directamente se corresponden con las dificultades que las empresas y las familias argentinas sufren\u201d, las cuales \u201cse agudizan d\u00eda a d\u00eda\u201d. Y reprob\u00f3 de manera contundente que, tal como lo intent\u00f3 Paoltroni, se pretenda ocultarlas, responsabilizando a la administraci\u00f3n provincial \u201csin argumentos que se correspondan con la realidad en absoluto\u201d.<\/p>\n","protected":false},"excerpt":{"rendered":"<p>El abogado y analista financiero Carlos Maslat\u00f3n rechaz\u00f3 contundente las declaraciones vertidas por el senador nacional Francisco Paoltroni, ya que \u201csi le fue mal, tiene que culpar a su propio Gobierno\u201d, le aconsej\u00f3, en vez de responsabilizar a la provincia de Formosa por la situaci\u00f3n de sus empresas. Es \u201cuna nueva incoherencia\u201d del senador atribuir [&hellip;]<\/p>\n","protected":false},"author":11,"featured_media":68292,"comment_status":"closed","ping_status":"closed","sticky":false,"template":"","format":"standard","meta":{"footnotes":""},"categories":[21],"tags":[],"class_list":["post-68291","post","type-post","status-publish","format-standard","has-post-thumbnail","hentry","category-provinciales"],"_links":{"self":[{"href":"http:\/\/informeformosa.com.ar\/index.php?rest_route=\/wp\/v2\/posts\/68291","targetHints":{"allow":["GET"]}}],"collection":[{"href":"http:\/\/informeformosa.com.ar\/index.php?rest_route=\/wp\/v2\/posts"}],"about":[{"href":"http:\/\/informeformosa.com.ar\/index.php?rest_route=\/wp\/v2\/types\/post"}],"author":[{"embeddable":true,"href":"http:\/\/informeformosa.com.ar\/index.php?rest_route=\/wp\/v2\/users\/11"}],"replies":[{"embeddable":true,"href":"http:\/\/informeformosa.com.ar\/index.php?rest_route=%2Fwp%2Fv2%2Fcomments&post=68291"}],"version-history":[{"count":1,"href":"http:\/\/informeformosa.com.ar\/index.php?rest_route=\/wp\/v2\/posts\/68291\/revisions"}],"predecessor-version":[{"id":68293,"href":"http:\/\/informeformosa.com.ar\/index.php?rest_route=\/wp\/v2\/posts\/68291\/revisions\/68293"}],"wp:featuredmedia":[{"embeddable":true,"href":"http:\/\/informeformosa.com.ar\/index.php?rest_route=\/wp\/v2\/media\/68292"}],"wp:attachment":[{"href":"http:\/\/informeformosa.com.ar\/index.php?rest_route=%2Fwp%2Fv2%2Fmedia&parent=68291"}],"wp:term":[{"taxonomy":"category","embeddable":true,"href":"http:\/\/informeformosa.com.ar\/index.php?rest_route=%2Fwp%2Fv2%2Fcategories&post=68291"},{"taxonomy":"post_tag","embeddable":true,"href":"http:\/\/informeformosa.com.ar\/index.php?rest_route=%2Fwp%2Fv2%2Ftags&post=68291"}],"curies":[{"name":"wp","href":"https:\/\/api.w.org\/{rel}","templated":true}]}}