{"id":68288,"date":"2026-09-01T22:52:36","date_gmt":"2026-09-02T01:52:36","guid":{"rendered":"http:\/\/informeformosa.com.ar\/?p=68288"},"modified":"2026-09-01T22:52:38","modified_gmt":"2026-09-02T01:52:38","slug":"estudiantes-participaron-de-la-apertura-del-conversatorio-de-seguridad","status":"publish","type":"post","link":"http:\/\/informeformosa.com.ar\/?p=68288","title":{"rendered":"Estudiantes participaron de la apertura del conversatorio de seguridad"},"content":{"rendered":"\n<p class=\"wp-block-paragraph\">En la ma\u00f1ana de este martes 1\u00b0 de septiembre, se realiz\u00f3 el acto de apertura del conversatorio de seguridad denominado \u201cPrimavera Segura-J\u00f3venes Protagonistas\u201d. En un evento que fue en el Estadio Cincuentenario de la ciudad de Formosa, la Polic\u00eda de Formosa, a trav\u00e9s de distintos stands informativos y otras actividades, dio a conocer a los j\u00f3venes de instituciones educativas las acciones que llevan adelante las distintas \u00e1reas.<\/p>\n\n\n\n<p class=\"wp-block-paragraph\">En todo el territorio formose\u00f1o la fuerza policial realiza un trabajo integral e integrado a trav\u00e9s de las pol\u00edticas p\u00fablicas en materia de seguridad delineadas por la gesti\u00f3n de gobernador Gildo Insfr\u00e1n.<\/p>\n\n\n\n<p class=\"wp-block-paragraph\">Cabe se\u00f1alar que, como esta propuesta est\u00e1 dentro del Mes del Estudiante, tambi\u00e9n se cont\u00f3 con la participaci\u00f3n de las organizaciones estudiantiles, los docentes e incluso los cadetes de la Polic\u00eda, quienes estuvieron acompa\u00f1ando la jornada.<\/p>\n\n\n\n<p class=\"wp-block-paragraph\">As\u00ed lo se\u00f1al\u00f3 al hacer declaraciones a <strong><em>AGENFOR<\/em><\/strong> el ministro de Cultura y Educaci\u00f3n Julio Ar\u00e1oz, quien especialmente valor\u00f3 esta posibilidad de contacto de la Polic\u00eda con su pueblo, en particular, con los estudiantes que \u201cser\u00e1n protagonistas de todas las celebraciones que est\u00e1n previstas desarrollarse de una manera segura y responsable\u201d.<\/p>\n\n\n\n<p class=\"wp-block-paragraph\">\u201cDe esa manera, se continuar\u00e1 con este proceso de construcci\u00f3n social que nos caracteriza como pueblo\u201d, a trav\u00e9s del cual, enfatiz\u00f3 que fue elocuente \u201cver el entusiasmo de los j\u00f3venes en esta actividad, as\u00ed como tambi\u00e9n la cercan\u00eda de ellos con el personal policial\u201d. \u201cEntonces, para nosotros, desde el Ministerio de Cultura y Educaci\u00f3n, es importante poder trabajar codo a codo en esta iniciativa\u201d, reafirm\u00f3.<\/p>\n\n\n\n<p class=\"wp-block-paragraph\">\u201cSin dudas, se va a seguir fortaleciendo y va a ser una actividad que va a crecer\u201d, agreg\u00f3 el ministro y profundiz\u00f3 en que septiembre se caracteriza por \u201cla celebraci\u00f3n, la alegr\u00eda y por todo lo que representa uno de los momentos trascendentes en la vida de un ser humano\u201d.<\/p>\n\n\n\n<p class=\"wp-block-paragraph\">Por esa raz\u00f3n, \u201ces muy importante festejar esta fecha de una manera responsable y sin perjudicar a nadie y menos a uno mismo\u201d, inst\u00f3.<\/p>\n","protected":false},"excerpt":{"rendered":"<p>En la ma\u00f1ana de este martes 1\u00b0 de septiembre, se realiz\u00f3 el acto de apertura del conversatorio de seguridad denominado \u201cPrimavera Segura-J\u00f3venes Protagonistas\u201d. En un evento que fue en el Estadio Cincuentenario de la ciudad de Formosa, la Polic\u00eda de Formosa, a trav\u00e9s de distintos stands informativos y otras actividades, dio a conocer a los [&hellip;]<\/p>\n","protected":false},"author":11,"featured_media":68289,"comment_status":"closed","ping_status":"closed","sticky":false,"template":"","format":"standard","meta":{"footnotes":""},"categories":[4],"tags":[],"class_list":["post-68288","post","type-post","status-publish","format-standard","has-post-thumbnail","hentry","category-educacion"],"_links":{"self":[{"href":"http:\/\/informeformosa.com.ar\/index.php?rest_route=\/wp\/v2\/posts\/68288","targetHints":{"allow":["GET"]}}],"collection":[{"href":"http:\/\/informeformosa.com.ar\/index.php?rest_route=\/wp\/v2\/posts"}],"about":[{"href":"http:\/\/informeformosa.com.ar\/index.php?rest_route=\/wp\/v2\/types\/post"}],"author":[{"embeddable":true,"href":"http:\/\/informeformosa.com.ar\/index.php?rest_route=\/wp\/v2\/users\/11"}],"replies":[{"embeddable":true,"href":"http:\/\/informeformosa.com.ar\/index.php?rest_route=%2Fwp%2Fv2%2Fcomments&post=68288"}],"version-history":[{"count":1,"href":"http:\/\/informeformosa.com.ar\/index.php?rest_route=\/wp\/v2\/posts\/68288\/revisions"}],"predecessor-version":[{"id":68290,"href":"http:\/\/informeformosa.com.ar\/index.php?rest_route=\/wp\/v2\/posts\/68288\/revisions\/68290"}],"wp:featuredmedia":[{"embeddable":true,"href":"http:\/\/informeformosa.com.ar\/index.php?rest_route=\/wp\/v2\/media\/68289"}],"wp:attachment":[{"href":"http:\/\/informeformosa.com.ar\/index.php?rest_route=%2Fwp%2Fv2%2Fmedia&parent=68288"}],"wp:term":[{"taxonomy":"category","embeddable":true,"href":"http:\/\/informeformosa.com.ar\/index.php?rest_route=%2Fwp%2Fv2%2Fcategories&post=68288"},{"taxonomy":"post_tag","embeddable":true,"href":"http:\/\/informeformosa.com.ar\/index.php?rest_route=%2Fwp%2Fv2%2Ftags&post=68288"}],"curies":[{"name":"wp","href":"https:\/\/api.w.org\/{rel}","templated":true}]}}