{"id":68283,"date":"2026-08-31T21:03:00","date_gmt":"2026-09-01T00:03:00","guid":{"rendered":"http:\/\/informeformosa.com.ar\/?p=68283"},"modified":"2026-09-01T09:18:54","modified_gmt":"2026-09-01T12:18:54","slug":"se-realizo-el-lanzamiento-de-la-copa-robotica-educabot-2026","status":"publish","type":"post","link":"http:\/\/informeformosa.com.ar\/?p=68283","title":{"rendered":"Se realiz\u00f3 el lanzamiento de la Copa Rob\u00f3tica \u201cEducabot 2026\u201d"},"content":{"rendered":"\n<p class=\"wp-block-paragraph\">Se hizo el lanzamiento de la Copa Rob\u00f3tica \u201cEducabot 2026\u201d en el Polo Cient\u00edfico, Tecnol\u00f3gico y de Innovaci\u00f3n, dise\u00f1ado de una manera planificada por el Gobierno provincial con el fin de que los j\u00f3venes sean protagonistas a partir de la ense\u00f1anza que se brinda all\u00ed orientada a la ciencia y la tecnolog\u00eda as\u00ed como a la innovaci\u00f3n.<\/p>\n\n\n\n<p class=\"wp-block-paragraph\">Durante la ma\u00f1ana de este lunes 31 de agosto fue la presentaci\u00f3n y participaron de ella el ministro de Cultura y Educaci\u00f3n, el ingeniero Julio Ar\u00e1oz; el secretario de Ciencia y Tecnolog\u00eda, Camilo Orrabalis; entre las principales autoridades provinciales que se dieron cita en este evento.<\/p>\n\n\n\n<p class=\"wp-block-paragraph\">En ese marco, <strong>AGENFOR<\/strong> dialog\u00f3 con el ministro Ar\u00e1oz, quien destac\u00f3 que esto forma parte de muchas otras acciones que se vienen desarrollando en la provincia, en ese marco, por ejemplo, mencion\u00f3 el caso del Polo, donde \u201ca poco tiempo de abrir sus puertas ya se impulsaban las actividades vinculadas a la rob\u00f3tica.<\/p>\n\n\n\n<p class=\"wp-block-paragraph\">Como se trata de \u201cun eje central de la educaci\u00f3n tecnol\u00f3gica, en esta oportunidad, en sociedad con la Secretar\u00eda de Ciencia y Tecnolog\u00eda y el Instituto Polit\u00e9cnico Formosa, la cartera educativa llev\u00f3 adelante este evento correspondiente a la primera edici\u00f3n de la Copa Rob\u00f3tica Argentina en Formosa\u201d, acentu\u00f3.<\/p>\n\n\n\n<p class=\"wp-block-paragraph\">Tambi\u00e9n se indic\u00f3 que est\u00e1n involucrados en esto el Centro de Inclusi\u00f3n Digital (CID) y otras instituciones m\u00e1s que sumaron a la organizaci\u00f3n del evento, en el que, seg\u00fan adelantaron las autoridades, participar\u00e1n unos 20 equipos de distintas partes de la provincia.<\/p>\n\n\n\n<p class=\"wp-block-paragraph\">Por tanto, all\u00ed se exhibir\u00e1 el talento que posee Formosa a trav\u00e9s de los j\u00f3venes que hoy se est\u00e1n formando para el futuro, subrayaron. Adem\u00e1s, se contar\u00e1 con equipos t\u00e9cnicos del MCyE y del Polo, involucrados en la realizaci\u00f3n de esta Copa Rob\u00f3tica que \u201cya genera mucho entusiasmo\u201d, realz\u00f3 Ar\u00e1oz.<\/p>\n\n\n\n<p class=\"wp-block-paragraph\">Ello debido a que \u201cse trata de una herramienta muy potente, motivadora en cuanto a la adquisici\u00f3n de conocimiento matem\u00e1tico, f\u00edsico, l\u00f3gica, etc\u00e9tera\u201d, acentu\u00f3, valorando la importancia de promover este tipo de propuestas formativas.<\/p>\n\n\n\n<p class=\"wp-block-paragraph\">En especial, \u201cesta convocatoria tiene como objetivo dar a conocer a nuestro pueblo lo que se hace en Formosa sobre este tema\u201d, sintetiz\u00f3.<\/p>\n\n\n\n<p class=\"wp-block-paragraph\">A lo dicho por el ministro, Orrabalis sum\u00f3 que \u201choy nuestros j\u00f3venes tienen herramientas de calidad educativa que les permiten participar en este tipo de torneos\u201d, a partir de ello tambi\u00e9n \u201cFormosa demuestra la capacidad y el talento que ellos poseen\u201d.<\/p>\n\n\n\n<p class=\"wp-block-paragraph\">Esto es gracias a \u201ccontar con una infraestructura como la del Polo\u201d, haciendo posible esta competencia que \u201cbusca que los j\u00f3venes, que ya ven\u00edan participando en instancias virtuales, puedan programar un robot, competir por puntaje, a trav\u00e9s de la coordinaci\u00f3n en equipos; y luego dos de ellos pasar\u00e1n a la zona final representando a la provincia en el concurso nacional\u201d, seg\u00fan detall\u00f3.<\/p>\n\n\n\n<p class=\"wp-block-paragraph\">Por esa raz\u00f3n, \u201cpara&nbsp; nosotros es importante impulsar esto\u201d, enmarcado en la permanente inversi\u00f3n que hace Formosa \u201cen educaci\u00f3n e infraestructura de calidad que hoy tienen sus frutos\u201d, asever\u00f3, al valorar nuevamente a los j\u00f3venes de la provincia que se integrar\u00e1n al evento que tendr\u00e1 al menos 20 equipos formando parte de \u00e9l.<\/p>\n","protected":false},"excerpt":{"rendered":"<p>Se hizo el lanzamiento de la Copa Rob\u00f3tica \u201cEducabot 2026\u201d en el Polo Cient\u00edfico, Tecnol\u00f3gico y de Innovaci\u00f3n, dise\u00f1ado de una manera planificada por el Gobierno provincial con el fin de que los j\u00f3venes sean protagonistas a partir de la ense\u00f1anza que se brinda all\u00ed orientada a la ciencia y la tecnolog\u00eda as\u00ed como a [&hellip;]<\/p>\n","protected":false},"author":11,"featured_media":68284,"comment_status":"closed","ping_status":"closed","sticky":false,"template":"","format":"standard","meta":{"footnotes":""},"categories":[21],"tags":[],"class_list":["post-68283","post","type-post","status-publish","format-standard","has-post-thumbnail","hentry","category-provinciales"],"_links":{"self":[{"href":"http:\/\/informeformosa.com.ar\/index.php?rest_route=\/wp\/v2\/posts\/68283","targetHints":{"allow":["GET"]}}],"collection":[{"href":"http:\/\/informeformosa.com.ar\/index.php?rest_route=\/wp\/v2\/posts"}],"about":[{"href":"http:\/\/informeformosa.com.ar\/index.php?rest_route=\/wp\/v2\/types\/post"}],"author":[{"embeddable":true,"href":"http:\/\/informeformosa.com.ar\/index.php?rest_route=\/wp\/v2\/users\/11"}],"replies":[{"embeddable":true,"href":"http:\/\/informeformosa.com.ar\/index.php?rest_route=%2Fwp%2Fv2%2Fcomments&post=68283"}],"version-history":[{"count":1,"href":"http:\/\/informeformosa.com.ar\/index.php?rest_route=\/wp\/v2\/posts\/68283\/revisions"}],"predecessor-version":[{"id":68285,"href":"http:\/\/informeformosa.com.ar\/index.php?rest_route=\/wp\/v2\/posts\/68283\/revisions\/68285"}],"wp:featuredmedia":[{"embeddable":true,"href":"http:\/\/informeformosa.com.ar\/index.php?rest_route=\/wp\/v2\/media\/68284"}],"wp:attachment":[{"href":"http:\/\/informeformosa.com.ar\/index.php?rest_route=%2Fwp%2Fv2%2Fmedia&parent=68283"}],"wp:term":[{"taxonomy":"category","embeddable":true,"href":"http:\/\/informeformosa.com.ar\/index.php?rest_route=%2Fwp%2Fv2%2Fcategories&post=68283"},{"taxonomy":"post_tag","embeddable":true,"href":"http:\/\/informeformosa.com.ar\/index.php?rest_route=%2Fwp%2Fv2%2Ftags&post=68283"}],"curies":[{"name":"wp","href":"https:\/\/api.w.org\/{rel}","templated":true}]}}