{"id":68280,"date":"2026-08-31T20:52:00","date_gmt":"2026-08-31T23:52:00","guid":{"rendered":"http:\/\/informeformosa.com.ar\/?p=68280"},"modified":"2026-09-01T09:03:14","modified_gmt":"2026-09-01T12:03:14","slug":"el-gobierno-de-formosa-conmemora-el-dia-de-la-industria-con-una-completa-agenda-dirigida-a-las-pymes-locales","status":"publish","type":"post","link":"http:\/\/informeformosa.com.ar\/?p=68280","title":{"rendered":"El Gobierno de Formosa conmemora el d\u00eda de la industria con una completa agenda dirigida a las pymes locales"},"content":{"rendered":"\n<p class=\"wp-block-paragraph\">En el marco de las actividades conmemorativas del D\u00eda de la Industria, el Gobierno de la provincia de Formosa reafirma su compromiso estrat\u00e9gico con la consolidaci\u00f3n, modernizaci\u00f3n y dinamizaci\u00f3n del entramado productivo local. A trav\u00e9s de acciones concretas de apoyo t\u00e9cnico, articulaci\u00f3n acad\u00e9mico-p\u00fablica y capacitaci\u00f3n continua, la provincia busca dotar a las pymes, especialmente industrias, de herramientas de vanguardia \u2014como la Inteligencia Artificial (IA) y el software a medida\u2014 para incrementar su productividad y competitividad en mercados exigentes.<\/p>\n\n\n\n<p class=\"wp-block-paragraph\">La agenda comienza el d\u00eda martes 1 de septiembre, en el Polo Cient\u00edfico, Tecnol\u00f3gico y de Innovaci\u00f3n, desde las 9 horas, con un acto que contar\u00e1 con la presencia del secretario de Ciencia y Tecnolog\u00eda, Camilo Orrabaris, el subsecretario de la Unidad Provincial de Sistemas y Tecnolog\u00edas de Informaci\u00f3n (UPSTI), Lucas Vicente, y el subsecretario de Desarrollo Econ\u00f3mico, Horacio Cosenza, entre otras autoridades, quienes tendr\u00e1n a cargo abordar las pol\u00edticas p\u00fablicas activas de apoyo continuo, financiamiento e infraestructura tecnol\u00f3gica que potencien la soberan\u00eda tecnol\u00f3gica y el empleo calificado.<\/p>\n\n\n\n<h4 class=\"wp-block-heading\"><a><\/a>Posteriormente, tendr\u00e1 lugar el workshop \u201cInteligencia Artificial y Automatizaci\u00f3n en la Industria\u201d, donde se tratar\u00e1n los siguientes temas:<\/h4>\n\n\n\n<ul class=\"wp-block-list\">\n<li>\u00abBuenas pr\u00e1cticas para interactuar con la IA: del prompt a los procesos\u00bb \u2013 <em>Jos\u00e9 Hern\u00e1n Fern\u00e1ndez<\/em> (Analista de Sistemas, Co-Director de la Diplomatura en IA &#8211; UNCAus, consultor VUCE): Un recorrido pr\u00e1ctico sobre c\u00f3mo delegar tareas en la IA con reglas estrictas de confidencialidad, distinguiendo flujos personales y organizacionales.<\/li>\n\n\n\n<li>\u00abDe procesos manuales a operaciones inteligentes\u00bb \u2013 <em>Maximiliano Pouza<\/em> (Especialista en IA y desarrollo SAP): Presentaci\u00f3n de casos concretos de reducci\u00f3n de tareas operativas y comerciales mediante agentes de IA y automatizaci\u00f3n para incrementar la productividad de las PyMEs.<\/li>\n<\/ul>\n\n\n\n<p class=\"wp-block-paragraph\">Para finalizar la primera jornada, se contar\u00e1 con la Charla Magistral \u00abTransformando las empresas con Inteligencia Artificial\u00bb \u2013 a cargo de <em>Dr. John Atkinson<\/em> (PhD en IA por la University of Edinburgh, ex-investigador\/consultor en Cambridge, MIT e IBM), quien expondr\u00e1 sobre el impacto de la IA generativa, los Grandes Modelos de Lenguaje (LLMs), la anal\u00edtica predictiva y los aspectos clave de gobernanza y regulaci\u00f3n para una adopci\u00f3n estrat\u00e9gica e integral en las empresas.<\/p>\n\n\n\n<p class=\"wp-block-paragraph\">El mi\u00e9rcoles y jueves, tendr\u00e1 lugar el Programa Experiencia PyME en Valor, con la visita, en la ciudad de Formosa, a Proveedur\u00eda Integral S.R.L., un caso de agregado de valor a materia prima local, y a GLASS NEA, dedicada a fabricaci\u00f3n de insumos para la construcci\u00f3n.<\/p>\n\n\n\n<p class=\"wp-block-paragraph\">La semana culminar\u00e1, el viernes 4 de septiembre, con un acto central en la sede de la empresa CLORONOR S.A., en el Parque Industrial Formosa de la Ciudad de Formosa, ya que esta conmemoraci\u00f3n cobra su verdadero sentido con el protagonismo de las pymes locales, cuyo compromiso por la modernizaci\u00f3n y la inversi\u00f3n permanente es el insumo indispensable para potenciar la econom\u00eda y el empleo en todo el territorio provincial.<\/p>\n","protected":false},"excerpt":{"rendered":"<p>En el marco de las actividades conmemorativas del D\u00eda de la Industria, el Gobierno de la provincia de Formosa reafirma su compromiso estrat\u00e9gico con la consolidaci\u00f3n, modernizaci\u00f3n y dinamizaci\u00f3n del entramado productivo local. A trav\u00e9s de acciones concretas de apoyo t\u00e9cnico, articulaci\u00f3n acad\u00e9mico-p\u00fablica y capacitaci\u00f3n continua, la provincia busca dotar a las pymes, especialmente industrias, [&hellip;]<\/p>\n","protected":false},"author":11,"featured_media":68281,"comment_status":"closed","ping_status":"closed","sticky":false,"template":"","format":"standard","meta":{"footnotes":""},"categories":[21],"tags":[],"class_list":["post-68280","post","type-post","status-publish","format-standard","has-post-thumbnail","hentry","category-provinciales"],"_links":{"self":[{"href":"http:\/\/informeformosa.com.ar\/index.php?rest_route=\/wp\/v2\/posts\/68280","targetHints":{"allow":["GET"]}}],"collection":[{"href":"http:\/\/informeformosa.com.ar\/index.php?rest_route=\/wp\/v2\/posts"}],"about":[{"href":"http:\/\/informeformosa.com.ar\/index.php?rest_route=\/wp\/v2\/types\/post"}],"author":[{"embeddable":true,"href":"http:\/\/informeformosa.com.ar\/index.php?rest_route=\/wp\/v2\/users\/11"}],"replies":[{"embeddable":true,"href":"http:\/\/informeformosa.com.ar\/index.php?rest_route=%2Fwp%2Fv2%2Fcomments&post=68280"}],"version-history":[{"count":1,"href":"http:\/\/informeformosa.com.ar\/index.php?rest_route=\/wp\/v2\/posts\/68280\/revisions"}],"predecessor-version":[{"id":68282,"href":"http:\/\/informeformosa.com.ar\/index.php?rest_route=\/wp\/v2\/posts\/68280\/revisions\/68282"}],"wp:featuredmedia":[{"embeddable":true,"href":"http:\/\/informeformosa.com.ar\/index.php?rest_route=\/wp\/v2\/media\/68281"}],"wp:attachment":[{"href":"http:\/\/informeformosa.com.ar\/index.php?rest_route=%2Fwp%2Fv2%2Fmedia&parent=68280"}],"wp:term":[{"taxonomy":"category","embeddable":true,"href":"http:\/\/informeformosa.com.ar\/index.php?rest_route=%2Fwp%2Fv2%2Fcategories&post=68280"},{"taxonomy":"post_tag","embeddable":true,"href":"http:\/\/informeformosa.com.ar\/index.php?rest_route=%2Fwp%2Fv2%2Ftags&post=68280"}],"curies":[{"name":"wp","href":"https:\/\/api.w.org\/{rel}","templated":true}]}}