{"id":68267,"date":"2026-08-30T19:29:44","date_gmt":"2026-08-30T22:29:44","guid":{"rendered":"http:\/\/informeformosa.com.ar\/?p=68267"},"modified":"2026-08-30T19:29:44","modified_gmt":"2026-08-30T22:29:44","slug":"estudiantes-del-barrio-namqom-participaron-de-un-encuentro-intercultural-en-el-museo-historico-y-regional","status":"publish","type":"post","link":"http:\/\/informeformosa.com.ar\/?p=68267","title":{"rendered":"Estudiantes del barrio Namqom participaron de un encuentro intercultural en el Museo Hist\u00f3rico y Regional"},"content":{"rendered":"\n<p class=\"wp-block-paragraph\">En el Museo Hist\u00f3rico y Regional \u201cJuan Pablo Duffard\u201d, alumnos de la EPES N\u00b0 1 EIB del barrio Namqom participaron de un encuentro intercultural biling\u00fce centrado en la m\u00fasica ancestral y la recuperaci\u00f3n del n&#8217;vike.<\/p>\n\n\n\n<p class=\"wp-block-paragraph\">La actividad se enmarca dentro del espacio curricular \u201cProyecto de investigaci\u00f3n e intervenci\u00f3n sociocomunitaria\u201d, a cargo de la profesora Anal\u00eda Torina, que busca reactivar la pr\u00e1ctica de la lengua materna qom, a trav\u00e9s del canto y promover la confecci\u00f3n manual de instrumentos propios por parte de los j\u00f3venes.<\/p>\n\n\n\n<p class=\"wp-block-paragraph\">Durante la jornada en el auditorio del museo, el profesor de Artes en M\u00fasica y T\u00e9cnico Superior, Daniel Rojas, ejecut\u00f3 el \u201cn&#8217;vik\u00e9, un instrumento de origen qom, viol\u00edn del monte de origen formose\u00f1o y de la regi\u00f3n chaque\u00f1a\u201d, explic\u00f3. &nbsp;<\/p>\n\n\n\n<p class=\"wp-block-paragraph\">\u201cAs\u00ed como reconocemos la guitarra espa\u00f1ola o el viol\u00edn italiano, es fundamental conocer y revalorizar lo que surgi\u00f3 en nuestra propia tierra, como el n&#8217;vik\u00e9\u201d, expres\u00f3. &nbsp;<\/p>\n\n\n\n<p class=\"wp-block-paragraph\">Indic\u00f3 que en la jornada se habl\u00f3 de la historia del instrumento, de c\u00f3mo fue construido inicialmente y su proceso de construcci\u00f3n a lo largo de la historia y resalt\u00f3 que \u201ctambi\u00e9n pude aprender con ellos y escuchar lo que contaban de sus abuelos\u201d.<\/p>\n\n\n\n<p class=\"wp-block-paragraph\">Por su parte, la profesora Anal\u00eda Torina, se\u00f1al\u00f3 que \u201cel proyecto de investigaci\u00f3n e intervenci\u00f3n sociocultural trata de un cancionero biling\u00fce, que incluye canciones ancestrales que se han transmitido de generaci\u00f3n en generaci\u00f3n en las familias, con el objetivo de que quede como registro en nuestra escuela\u201d.<\/p>\n\n\n\n<p class=\"wp-block-paragraph\">En este sentido, subray\u00f3 que \u201ccon el n&#8217;vike buscamos que se vuelvan a interesar por recuperar sus instrumentos aut\u00f3ctonos y que ellos mismos puedan elaborarlos\u201d.<\/p>\n\n\n\n<p class=\"wp-block-paragraph\">Y remarc\u00f3 la importancia de que el cancionero sea en qom \u201cpara que las aprendan, vuelvan a practicar el uso del idioma y puedan reconocerse culturalmente en esas m\u00fasicas tan valiosas\u201d.<\/p>\n","protected":false},"excerpt":{"rendered":"<p>En el Museo Hist\u00f3rico y Regional \u201cJuan Pablo Duffard\u201d, alumnos de la EPES N\u00b0 1 EIB del barrio Namqom participaron de un encuentro intercultural biling\u00fce centrado en la m\u00fasica ancestral y la recuperaci\u00f3n del n&#8217;vike. La actividad se enmarca dentro del espacio curricular \u201cProyecto de investigaci\u00f3n e intervenci\u00f3n sociocomunitaria\u201d, a cargo de la profesora Anal\u00eda [&hellip;]<\/p>\n","protected":false},"author":11,"featured_media":68268,"comment_status":"closed","ping_status":"closed","sticky":false,"template":"","format":"standard","meta":{"footnotes":""},"categories":[4],"tags":[],"class_list":["post-68267","post","type-post","status-publish","format-standard","has-post-thumbnail","hentry","category-educacion"],"_links":{"self":[{"href":"http:\/\/informeformosa.com.ar\/index.php?rest_route=\/wp\/v2\/posts\/68267","targetHints":{"allow":["GET"]}}],"collection":[{"href":"http:\/\/informeformosa.com.ar\/index.php?rest_route=\/wp\/v2\/posts"}],"about":[{"href":"http:\/\/informeformosa.com.ar\/index.php?rest_route=\/wp\/v2\/types\/post"}],"author":[{"embeddable":true,"href":"http:\/\/informeformosa.com.ar\/index.php?rest_route=\/wp\/v2\/users\/11"}],"replies":[{"embeddable":true,"href":"http:\/\/informeformosa.com.ar\/index.php?rest_route=%2Fwp%2Fv2%2Fcomments&post=68267"}],"version-history":[{"count":1,"href":"http:\/\/informeformosa.com.ar\/index.php?rest_route=\/wp\/v2\/posts\/68267\/revisions"}],"predecessor-version":[{"id":68269,"href":"http:\/\/informeformosa.com.ar\/index.php?rest_route=\/wp\/v2\/posts\/68267\/revisions\/68269"}],"wp:featuredmedia":[{"embeddable":true,"href":"http:\/\/informeformosa.com.ar\/index.php?rest_route=\/wp\/v2\/media\/68268"}],"wp:attachment":[{"href":"http:\/\/informeformosa.com.ar\/index.php?rest_route=%2Fwp%2Fv2%2Fmedia&parent=68267"}],"wp:term":[{"taxonomy":"category","embeddable":true,"href":"http:\/\/informeformosa.com.ar\/index.php?rest_route=%2Fwp%2Fv2%2Fcategories&post=68267"},{"taxonomy":"post_tag","embeddable":true,"href":"http:\/\/informeformosa.com.ar\/index.php?rest_route=%2Fwp%2Fv2%2Ftags&post=68267"}],"curies":[{"name":"wp","href":"https:\/\/api.w.org\/{rel}","templated":true}]}}