{"id":67377,"date":"2025-08-05T22:17:37","date_gmt":"2025-08-06T01:17:37","guid":{"rendered":"http:\/\/informeformosa.com.ar\/?p=67377"},"modified":"2025-08-05T22:17:38","modified_gmt":"2025-08-06T01:17:38","slug":"la-secretaria-de-la-mujer-continua-fortaleciendo-acciones-para-combatir-las-violencias","status":"publish","type":"post","link":"http:\/\/informeformosa.com.ar\/?p=67377","title":{"rendered":"La Secretar\u00eda de la Mujer contin\u00faa fortaleciendo acciones para combatir las violencias"},"content":{"rendered":"\n<p>En di\u00e1logo con <strong>AGENFOR<\/strong>, la licenciada Patricia Hermosilla, secretaria de la Mujer, valor\u00f3 el trabajo que lleva adelante su cartera, por decisi\u00f3n pol\u00edtica del Gobernador, a pesar de que en el orden nacional \u201cvienen cercenando derechos desde el instante mismo en que asumieron la Presidencia\u201d.<\/p>\n\n\n\n<p>Consider\u00f3, entonces, que no s\u00f3lo se \u201cufanan de retirar derechos\u201d sino tambi\u00e9n de \u201cdesintegrar espacios destinados a las mujeres\u201d como el Ministerio de las Mujeres, G\u00e9neros y Diversidades; sin embargo, asegur\u00f3, \u201cac\u00e1 en Formosa, nuestro Gobernador decide continuar fortaleciendo estos derechos, sosteniendo la institucionalidad\u201d.<\/p>\n\n\n\n<p>En ese marco, indic\u00f3 la funcionaria, la Secretar\u00eda de la Mujer trabaja de forma mancomunada con otros organismos del Estado provincial porque \u201ctenemos que recordar que, ante problem\u00e1ticas complejas, como por ejemplo las violencias, las respuestas siempre son integrales e integradas\u201d.<\/p>\n\n\n\n<p>\u201cEntonces nosotros no operamos como un organismo aislado de otros, sino m\u00e1s bien nos sumamos y fortalecemos y, por supuesto, que continuamos trabajando en pos de las mujeres formose\u00f1as\u201d, manifest\u00f3.<\/p>\n\n\n\n<p>De esta manera, uno de los ejes fundamentales con los que accionan es el abordaje situado que significa \u201cel acompa\u00f1amiento personalizado a las personas que est\u00e1n atravesando una situaci\u00f3n de violencia a lo largo y a lo ancho de todo el territorio provincial\u201d, para lo que realizan entrevistas personalizadas en distintas localidades.<\/p>\n\n\n\n<p>Y, por otra, trabajan en el fortalecimiento territorial que \u201cson acciones focalizadas en ciertas localidades fortaleciendo, justamente, cuestiones que tienen que ver con trabajos que ya vienen realizando otros organismos, como el caso del Ministerio de la Comunidad\u201d.<\/p>\n\n\n\n<p>Es as\u00ed que concretan espacios de encuentro para la comunidad organizada desde una perspectiva de g\u00e9nero donde abordan tem\u00e1ticas como \u201cel cuidado de la mujer, el cuidado de los suyos, de su ambiente, de sus espacios, y poder, desde ah\u00ed tambi\u00e9n, motivar iniciativas para darle continuidad\u201d.<\/p>\n\n\n\n<p>Asimismo, Hermosilla se\u00f1al\u00f3 que tambi\u00e9n est\u00e1n presentes en el nuevo Centro Comunitario del barrio Nueva Formosa los lunes, mi\u00e9rcoles y viernes de 7 a 13 horas, \u201ccon un espacio de escucha activa, atenci\u00f3n, asesoramiento, y brindando el abordaje espec\u00edfico que tiene que ver con las violencias\u201d.<\/p>\n\n\n\n<p>Tambi\u00e9n cuentan con otros dispositivos descentralizados en la ciudad capital que, \u201cno es otra cosa que la Secretar\u00eda de la Mujer, en otros espacios que no es en el lugar c\u00e9ntrico donde habitualmente estamos de lunes a viernes, de 7 a 13 y de 16 a 20 horas\u201d.<\/p>\n\n\n\n<p>\u201cAino tambi\u00e9n que procuramos buscar otros espacios donde poder encontrarnos con esas personas que precisan asistencia, abordaje, acompa\u00f1amiento y sostenimiento ante situaciones de violencia de g\u00e9nero. Entonces, nos encontramos cada 15 d\u00edas en el espacio de Encuentro de la Comunidad Organizada (ECO) del Eva Per\u00f3n, que es un trabajo y un abordaje articulado que hacemos cada organismo brindando sus prestaciones y sus competencias\u201d, resalt\u00f3.<\/p>\n\n\n\n<p>Adem\u00e1s, est\u00e1n en el espacio ECO del ex Lote 111, barrio Fray Salvador Gurrieri y, anticip\u00f3 la Secretaria, \u201cestamos prontamente por habilitar otro dispositivo en el barrio San Jos\u00e9 Obrero, en el espacio ECO recientemente inaugurado por nuestro Gobernador\u201d.<\/p>\n\n\n\n<p>Por \u00faltimo, reflexion\u00f3 en que \u201cesa mirada emp\u00e1tica de ponernos en el lugar del otro, es lo que hoy est\u00e1 faltando bastante en el orden nacional\u201d, pero, celebr\u00f3, que \u201cac\u00e1 somos el reflejo de lo que es nuestro Gobernador, en cuanto a decisi\u00f3n, acci\u00f3n y pol\u00edticas p\u00fablicas\u201d.<\/p>\n\n\n\n<p>\u201cAs\u00ed que ese reflejo a nosotros nos invita a ser emp\u00e1ticos, a estar cerca siempre de las personas con quienes trabajamos diariamente, a no perder de vista que es imprescindible el fortalecimiento de la comunidad, de trabajar con la gente en los barrios, no desde una oficina, sino estar ah\u00ed presente, sumar esfuerzos, no trabajar de forma compartimentada y sesgada, porque la persona es una sola y por eso es que las respuestas tienen que ser integrales\u201d, cerr\u00f3.<\/p>\n","protected":false},"excerpt":{"rendered":"<p>En di\u00e1logo con AGENFOR, la licenciada Patricia Hermosilla, secretaria de la Mujer, valor\u00f3 el trabajo que lleva adelante su cartera, por decisi\u00f3n pol\u00edtica del Gobernador, a pesar de que en el orden nacional \u201cvienen cercenando derechos desde el instante mismo en que asumieron la Presidencia\u201d. Consider\u00f3, entonces, que no s\u00f3lo se \u201cufanan de retirar derechos\u201d [&hellip;]<\/p>\n","protected":false},"author":11,"featured_media":67384,"comment_status":"closed","ping_status":"closed","sticky":false,"template":"","format":"standard","meta":{"footnotes":""},"categories":[2],"tags":[],"class_list":["post-67377","post","type-post","status-publish","format-standard","has-post-thumbnail","hentry","category-locales"],"_links":{"self":[{"href":"http:\/\/informeformosa.com.ar\/index.php?rest_route=\/wp\/v2\/posts\/67377","targetHints":{"allow":["GET"]}}],"collection":[{"href":"http:\/\/informeformosa.com.ar\/index.php?rest_route=\/wp\/v2\/posts"}],"about":[{"href":"http:\/\/informeformosa.com.ar\/index.php?rest_route=\/wp\/v2\/types\/post"}],"author":[{"embeddable":true,"href":"http:\/\/informeformosa.com.ar\/index.php?rest_route=\/wp\/v2\/users\/11"}],"replies":[{"embeddable":true,"href":"http:\/\/informeformosa.com.ar\/index.php?rest_route=%2Fwp%2Fv2%2Fcomments&post=67377"}],"version-history":[{"count":1,"href":"http:\/\/informeformosa.com.ar\/index.php?rest_route=\/wp\/v2\/posts\/67377\/revisions"}],"predecessor-version":[{"id":67385,"href":"http:\/\/informeformosa.com.ar\/index.php?rest_route=\/wp\/v2\/posts\/67377\/revisions\/67385"}],"wp:featuredmedia":[{"embeddable":true,"href":"http:\/\/informeformosa.com.ar\/index.php?rest_route=\/wp\/v2\/media\/67384"}],"wp:attachment":[{"href":"http:\/\/informeformosa.com.ar\/index.php?rest_route=%2Fwp%2Fv2%2Fmedia&parent=67377"}],"wp:term":[{"taxonomy":"category","embeddable":true,"href":"http:\/\/informeformosa.com.ar\/index.php?rest_route=%2Fwp%2Fv2%2Fcategories&post=67377"},{"taxonomy":"post_tag","embeddable":true,"href":"http:\/\/informeformosa.com.ar\/index.php?rest_route=%2Fwp%2Fv2%2Ftags&post=67377"}],"curies":[{"name":"wp","href":"https:\/\/api.w.org\/{rel}","templated":true}]}}