{"id":66838,"date":"2025-05-28T21:37:48","date_gmt":"2025-05-29T00:37:48","guid":{"rendered":"http:\/\/informeformosa.com.ar\/?p=66838"},"modified":"2025-05-28T21:37:49","modified_gmt":"2025-05-29T00:37:49","slug":"insfran-garantizo-el-pago-de-sueldos-y-aguinaldo-pese-al-recorte-de-coparticipacion","status":"publish","type":"post","link":"http:\/\/informeformosa.com.ar\/?p=66838","title":{"rendered":"Insfr\u00e1n garantiz\u00f3 el pago de sueldos y aguinaldo pese al recorte de Coparticipaci\u00f3n"},"content":{"rendered":"\n<p><em>A pesar del recorte en los fondos de Coparticipaci\u00f3n que recibe la provincia de Formosa<\/em><strong>.<\/strong><\/p>\n\n\n\n<p>El ministro de Econom\u00eda Jorge Iba\u00f1ez confirm\u00f3 que el gobernador Gildo Insfr\u00e1n mantuvo este martes una reuni\u00f3n con el equipo econ\u00f3mico, tras lo cual garantiz\u00f3 los fondos necesarios para el pago de sueldos y aguinaldo para el sector p\u00fablico, pese al recorte de fondos coparticipables.<\/p>\n\n\n\n<p>\u201cSe garantiza no s\u00f3lo el sueldo y el aguinaldo, sino tambi\u00e9n los 800 mil pesos b\u00e1sicos de bolsillo, en un contexto econ\u00f3mico complejo\u201d explic\u00f3.<\/p>\n\n\n\n<p>Subray\u00f3 el titular de Econom\u00eda que se confirm\u00f3 adem\u00e1s el pago del sueldo del mes de mayo para estatales, con el 15% de aumento dispuesto por Insfr\u00e1n, tanto para activos, como para pasivos, pese al recorte de Coparticipaci\u00f3n.<\/p>\n\n\n\n<p>\u201cCreo que estas son buenas medidas en un momento que el Gobierno nacional est\u00e1 recortando fondos de impuestos que son coparticipables, y no toca los que est\u00e1n previstos exclusivamente para el Tesoro nacional\u201d expres\u00f3.<\/p>\n\n\n\n<p>Al explicar la disminuci\u00f3n de ingresos, se\u00f1al\u00f3 que hubo dos medidas que tom\u00f3 la Agencia de Recaudaci\u00f3n y Control Aduanero (ARCA) por las cuales el ingreso de anticipo de Ganancias por parte de las empresas redujo el porcentaje del anticipo del 25 al 11 en el mes de junio.<\/p>\n\n\n\n<p>\u201cCuando sabemos que el mes de junio todas las administraciones provinciales y municipales deben hacer frente al aguinaldo. Y esto signific\u00f3 una ca\u00edda tremenda en los recursos coparticipables de todas las provincias, lo han dicho muchos gobernadores tambi\u00e9n, no es nada nuevo. Y para Formosa tambi\u00e9n, por supuesto\u201d subray\u00f3.<\/p>\n\n\n\n<p>Dijo que no obstante, Formosa puede hacer frente a esta obligaci\u00f3n por su programaci\u00f3n financiera y el equilibrio fiscal. \u201cAnoche ya el Gobernador aprob\u00f3 los desembolsos financieros del mes de junio, por eso les puedo decir que \u00e9l mismo garantiz\u00f3 sueldo y aguinaldo de junio, pese, al recorte de fondos coparticipables que estamos sufriendo todas las provincias y todos los municipios\u201d enfatiz\u00f3.<\/p>\n\n\n\n<p><strong>Cronograma<\/strong><\/p>\n\n\n\n<p>En primer t\u00e9rmino y en jornada \u00fanica del jueves 29, percibir\u00e1n sus haberes los jubilados y pensionados de la Caja de Previsi\u00f3n Social.<\/p>\n\n\n\n<p>El viernes 30 comenzar\u00e1 la cancelaci\u00f3n de los haberes a los agentes activos cuyos documentos finalizan en 0, 1, 2, 3 \u0443 4, mientras que el s\u00e1bado 31 se atender\u00e1n los compromisos de las remuneraciones referidas a titulares de DNI terminados en 5, 6, 7, 8 y 9.<\/p>\n","protected":false},"excerpt":{"rendered":"<p>A pesar del recorte en los fondos de Coparticipaci\u00f3n que recibe la provincia de Formosa. El ministro de Econom\u00eda Jorge Iba\u00f1ez confirm\u00f3 que el gobernador Gildo Insfr\u00e1n mantuvo este martes una reuni\u00f3n con el equipo econ\u00f3mico, tras lo cual garantiz\u00f3 los fondos necesarios para el pago de sueldos y aguinaldo para el sector p\u00fablico, pese [&hellip;]<\/p>\n","protected":false},"author":11,"featured_media":66577,"comment_status":"closed","ping_status":"closed","sticky":false,"template":"","format":"standard","meta":{"footnotes":""},"categories":[3],"tags":[],"class_list":["post-66838","post","type-post","status-publish","format-standard","has-post-thumbnail","hentry","category-politica-y-economia"],"_links":{"self":[{"href":"http:\/\/informeformosa.com.ar\/index.php?rest_route=\/wp\/v2\/posts\/66838","targetHints":{"allow":["GET"]}}],"collection":[{"href":"http:\/\/informeformosa.com.ar\/index.php?rest_route=\/wp\/v2\/posts"}],"about":[{"href":"http:\/\/informeformosa.com.ar\/index.php?rest_route=\/wp\/v2\/types\/post"}],"author":[{"embeddable":true,"href":"http:\/\/informeformosa.com.ar\/index.php?rest_route=\/wp\/v2\/users\/11"}],"replies":[{"embeddable":true,"href":"http:\/\/informeformosa.com.ar\/index.php?rest_route=%2Fwp%2Fv2%2Fcomments&post=66838"}],"version-history":[{"count":1,"href":"http:\/\/informeformosa.com.ar\/index.php?rest_route=\/wp\/v2\/posts\/66838\/revisions"}],"predecessor-version":[{"id":66851,"href":"http:\/\/informeformosa.com.ar\/index.php?rest_route=\/wp\/v2\/posts\/66838\/revisions\/66851"}],"wp:featuredmedia":[{"embeddable":true,"href":"http:\/\/informeformosa.com.ar\/index.php?rest_route=\/wp\/v2\/media\/66577"}],"wp:attachment":[{"href":"http:\/\/informeformosa.com.ar\/index.php?rest_route=%2Fwp%2Fv2%2Fmedia&parent=66838"}],"wp:term":[{"taxonomy":"category","embeddable":true,"href":"http:\/\/informeformosa.com.ar\/index.php?rest_route=%2Fwp%2Fv2%2Fcategories&post=66838"},{"taxonomy":"post_tag","embeddable":true,"href":"http:\/\/informeformosa.com.ar\/index.php?rest_route=%2Fwp%2Fv2%2Ftags&post=66838"}],"curies":[{"name":"wp","href":"https:\/\/api.w.org\/{rel}","templated":true}]}}