{"id":66832,"date":"2025-05-28T21:35:21","date_gmt":"2025-05-29T00:35:21","guid":{"rendered":"http:\/\/informeformosa.com.ar\/?p=66832"},"modified":"2025-05-28T21:35:21","modified_gmt":"2025-05-29T00:35:21","slug":"conmemoraron-el-5-aniversario-del-hospital-interdistrital-evita-de-formosa","status":"publish","type":"post","link":"http:\/\/informeformosa.com.ar\/?p=66832","title":{"rendered":"Conmemoraron el 5\u00b0 aniversario del Hospital Interdistrital Evita de Formosa"},"content":{"rendered":"\n<p>Este viernes 28 de mayo, se cumplen cinco a\u00f1os de la creaci\u00f3n del Hospital Interdistrital Evita de Formosa (HIEF), motivo por el cual durante la ma\u00f1ana se llev\u00f3 a cabo un acto conmemorativo por esta fecha tan sentida para la comunidad sanitaria y formose\u00f1a, en general.<\/p>\n\n\n\n<p>Al respecto, el director General de la instituci\u00f3n, Samuel Guti\u00e9rrez, convers\u00f3 con <strong>AGENFOR <\/strong>y consider\u00f3 que cinco a\u00f1os \u201cparecen tan pocos\u201d pero, asegur\u00f3, \u201cla respuesta que ha dado este hospital en este corto tiempo es inmensa\u201d.<\/p>\n\n\n\n<p>\u201cLa verdad que estamos muy orgullosos del hospital, c\u00f3mo ha evolucionado desde que se puso en marcha en aquella pandemia que la hemos superado ya y que, gracias a Dios, tuvo su culminaci\u00f3n en el 2023\u201d, record\u00f3.<\/p>\n\n\n\n<p>A partir de all\u00ed, continu\u00f3, el HIEF pas\u00f3 de ser un hospital monovalente a polivalente lo que \u201cnos permiti\u00f3 desarrollar distintos servicios en tan corto tiempo\u201d, logrando as\u00ed, en dos a\u00f1os y medio, \u201cla capacidad de respuesta exitosa que tiene en el sistema de salud\u201d.<\/p>\n\n\n\n<p>&nbsp;\u201cSe debe a todo el personal que cuenta, los m\u00e1s de 20 especialistas, m\u00e1s de 60 mil consultas ambulatorias por a\u00f1o, siete mil por mes y un promedio de 300 por d\u00eda, lo que es un n\u00famero muy importante\u201d, se\u00f1al\u00f3.<\/p>\n\n\n\n<p>Asimismo, el Director destac\u00f3 las m\u00e1s de cinco mil internaciones por a\u00f1o y celebr\u00f3 la existencia de un nosocomio de este calibre en el sistema sanitario de la provincia, sobre todo, en un contexto econ\u00f3mico a nivel nacional que \u201cno es bueno\u201d.<\/p>\n\n\n\n<p>\u201cLa gente se ha volcado tambi\u00e9n al Hospital Evita a ra\u00edz de esa irregularidad que hay a nivel nacional, de recortar los fondos, los medicamentos oncol\u00f3gicos de las enfermedades cr\u00f3nicas, buscando una respuesta para su salud\u201d, analiz\u00f3; y asegur\u00f3 que \u201cnuestro compromiso\u201d es \u201ccon la salud de los formose\u00f1os\u201d.<\/p>\n\n\n\n<p>Guti\u00e9rrez resalt\u00f3 tambi\u00e9n el flujo de pacientes que llegan por derivaciones desde los distintos hospitales distritales del interior y de capital, como el Hospital Central, que se ubica en el primer lugar como derivador al HIEF con el 30%.<\/p>\n\n\n\n<p>\u201cOtro objetivo tambi\u00e9n logrado es descongestionar el Hospital de Alta Complejidad para ocuparse exclusivamente de esa prestaci\u00f3n de nivel tres y de complejidad ocho, que tambi\u00e9n ocupa el tercer lugar en cuanto a pacientes que nos derivan\u201d, a\u00f1adi\u00f3.<\/p>\n\n\n\n<p>El m\u00e9dico remarc\u00f3, adem\u00e1s, el \u201cpersonal profesional altamente capacitado, desde auxiliares hasta m\u00e9dicos especialistas\u201d y \u201cla alta tecnolog\u00eda de equipamiento con el que contamos\u201d, como as\u00ed, tambi\u00e9n, que el Servicio de Oncolog\u00eda cuente con un equipo que realiza las pruebas inmunohistoqu\u00edmicas.<\/p>\n\n\n\n<p>\u201cLuego de la biopsia, este taco de biopsia se enviaba a Buenos Aires y hab\u00eda una demora m\u00e1s o menos entre 30 y 60 d\u00edas; hab\u00eda una ansiedad, una angustia por parte de los pacientes que viv\u00edan as\u00ed que hoy eso se hace en Formosa, ac\u00e1, en este hospital\u201d, explic\u00f3.<\/p>\n\n\n\n<p>Por \u00faltimo, Guti\u00e9rrez valor\u00f3 el acompa\u00f1amiento constante del Ministerio de Desarrollo Humano, \u201cde nuestro Se\u00f1or Gobernador y todo su equipo para que el hospital siga creciendo\u201d.<\/p>\n\n\n\n<p>\u201cAs\u00ed que tenemos que estar muy orgullosos de todos estos logros, que es un poco lo que venimos a festejar\u201d, cerr\u00f3.<\/p>\n\n\n\n<p><\/p>\n","protected":false},"excerpt":{"rendered":"<p>Este viernes 28 de mayo, se cumplen cinco a\u00f1os de la creaci\u00f3n del Hospital Interdistrital Evita de Formosa (HIEF), motivo por el cual durante la ma\u00f1ana se llev\u00f3 a cabo un acto conmemorativo por esta fecha tan sentida para la comunidad sanitaria y formose\u00f1a, en general. Al respecto, el director General de la instituci\u00f3n, Samuel [&hellip;]<\/p>\n","protected":false},"author":11,"featured_media":66848,"comment_status":"closed","ping_status":"closed","sticky":false,"template":"","format":"standard","meta":{"footnotes":""},"categories":[12],"tags":[],"class_list":["post-66832","post","type-post","status-publish","format-standard","has-post-thumbnail","hentry","category-salud"],"_links":{"self":[{"href":"http:\/\/informeformosa.com.ar\/index.php?rest_route=\/wp\/v2\/posts\/66832","targetHints":{"allow":["GET"]}}],"collection":[{"href":"http:\/\/informeformosa.com.ar\/index.php?rest_route=\/wp\/v2\/posts"}],"about":[{"href":"http:\/\/informeformosa.com.ar\/index.php?rest_route=\/wp\/v2\/types\/post"}],"author":[{"embeddable":true,"href":"http:\/\/informeformosa.com.ar\/index.php?rest_route=\/wp\/v2\/users\/11"}],"replies":[{"embeddable":true,"href":"http:\/\/informeformosa.com.ar\/index.php?rest_route=%2Fwp%2Fv2%2Fcomments&post=66832"}],"version-history":[{"count":1,"href":"http:\/\/informeformosa.com.ar\/index.php?rest_route=\/wp\/v2\/posts\/66832\/revisions"}],"predecessor-version":[{"id":66849,"href":"http:\/\/informeformosa.com.ar\/index.php?rest_route=\/wp\/v2\/posts\/66832\/revisions\/66849"}],"wp:featuredmedia":[{"embeddable":true,"href":"http:\/\/informeformosa.com.ar\/index.php?rest_route=\/wp\/v2\/media\/66848"}],"wp:attachment":[{"href":"http:\/\/informeformosa.com.ar\/index.php?rest_route=%2Fwp%2Fv2%2Fmedia&parent=66832"}],"wp:term":[{"taxonomy":"category","embeddable":true,"href":"http:\/\/informeformosa.com.ar\/index.php?rest_route=%2Fwp%2Fv2%2Fcategories&post=66832"},{"taxonomy":"post_tag","embeddable":true,"href":"http:\/\/informeformosa.com.ar\/index.php?rest_route=%2Fwp%2Fv2%2Ftags&post=66832"}],"curies":[{"name":"wp","href":"https:\/\/api.w.org\/{rel}","templated":true}]}}