{"id":66573,"date":"2025-05-14T19:49:38","date_gmt":"2025-05-14T22:49:38","guid":{"rendered":"http:\/\/informeformosa.com.ar\/?p=66573"},"modified":"2025-05-14T19:49:39","modified_gmt":"2025-05-14T22:49:39","slug":"ibanez-sobre-el-proyecto-del-super-iva-es-inaplicable","status":"publish","type":"post","link":"http:\/\/informeformosa.com.ar\/?p=66573","title":{"rendered":"Iba\u00f1ez sobre el proyecto del S\u00faper IVA: \u201cEs inaplicable\u201d"},"content":{"rendered":"\n<p>El ministro de Econom\u00eda de la provincia de Formosa Jorge Iba\u00f1ez advirti\u00f3 que es inaplicable el proyecto del &nbsp;\u201cS\u00faper IVA\u201d, un nuevo tributo que unificar\u00eda el Impuesto al Valor Agregado (IVA), los Ingresos Brutos provinciales (IIBB) y tasas municipales en un solo esquema de recaudaci\u00f3n nacional impulsado por el presidente Javier Milei.<\/p>\n\n\n\n<p>Lo hizo, al dialogar con la <strong><em>Agencia de Noticias Formosa<\/em><\/strong> (Agenfor) en el Galp\u00f3n G del Paseo Costanero, en el marco del lanzamiento de la tercera edici\u00f3n del \u201cPrograma de Mejora de la Competitividad Industrial\u201d que impulsa el Gobierno provincial.<\/p>\n\n\n\n<p>Sobre el \u201cS\u00faper IVA\u201d dijo que \u201chay por all\u00ed alg\u00fan trabajo ya de lo que ser\u00eda el IVA de las provincias chicas contra el IVA de las provincias grandes. Creemos que es inaplicable pero no conocemos el proyecto, conocemos los dichos del Ministro de Econom\u00eda\u201d enfatiz\u00f3.<\/p>\n\n\n\n<p>El titular de Econom\u00eda fue consultado tambi\u00e9n sobre los env\u00edos que recibe la provincia del Gobierno nacional, y enfatiz\u00f3 que mes a mes la Coparticipaci\u00f3n federal \u201cva para atr\u00e1s\u201d, al tiempo que consider\u00f3 que las medidas recientes del Gobierno central agravan esta situaci\u00f3n.<\/p>\n\n\n\n<p>Explic\u00f3 m\u00e1s al se\u00f1alar que \u201cuna de las medidas directamente toca un impuesto coparticipable, resta gran parte de ese impuesto, era un vencimiento que las grandes empresas tienen en el mes de junio todos los a\u00f1os en la Argentina para pagar Ganancias\u201d, haciendo un anticipo del 25% en junio.<\/p>\n\n\n\n<p>Consider\u00f3 que \u201ceso permit\u00eda a las provincias y tambi\u00e9n a los municipios tener en su Presupuesto una asignaci\u00f3n mayor en el mes de junio\u201d y precis\u00f3 que ahora \u201csacan del 25% al 11%, en forma totalmente inconsulta\u201d.<\/p>\n\n\n\n<p>Enumer\u00f3 adem\u00e1s, que \u201cest\u00e1n levantando los derechos aduaneros que se cobraban por importaciones\u201d y se\u00f1al\u00f3 que \u201ctodos estos impuestos son coparticipables\u201d.<\/p>\n\n\n\n<p>Dijo que ante este panorama el cuestionamiento desde las provincias apunta a que \u201ctoquen\u201d impuestos nacionales, como el Impuesto al Cheque, por el cual Naci\u00f3n se lleva el ciento por ciento.<\/p>\n\n\n\n<p><strong>A favor de las empresas<\/strong><\/p>\n\n\n\n<p>Sobre el programa que arranc\u00f3 este mi\u00e9rcoles, Iba\u00f1ez ratific\u00f3 el decidido apoyo del Gobierno provincial a las empresas locales, para brindarles una serie de herramientas que le permitan adecuarse a las nuevas modalidades comerciales.<\/p>\n","protected":false},"excerpt":{"rendered":"<p>El ministro de Econom\u00eda de la provincia de Formosa Jorge Iba\u00f1ez advirti\u00f3 que es inaplicable el proyecto del &nbsp;\u201cS\u00faper IVA\u201d, un nuevo tributo que unificar\u00eda el Impuesto al Valor Agregado (IVA), los Ingresos Brutos provinciales (IIBB) y tasas municipales en un solo esquema de recaudaci\u00f3n nacional impulsado por el presidente Javier Milei. Lo hizo, al [&hellip;]<\/p>\n","protected":false},"author":11,"featured_media":66577,"comment_status":"closed","ping_status":"closed","sticky":false,"template":"","format":"standard","meta":{"footnotes":""},"categories":[3],"tags":[],"class_list":["post-66573","post","type-post","status-publish","format-standard","has-post-thumbnail","hentry","category-politica-y-economia"],"_links":{"self":[{"href":"http:\/\/informeformosa.com.ar\/index.php?rest_route=\/wp\/v2\/posts\/66573","targetHints":{"allow":["GET"]}}],"collection":[{"href":"http:\/\/informeformosa.com.ar\/index.php?rest_route=\/wp\/v2\/posts"}],"about":[{"href":"http:\/\/informeformosa.com.ar\/index.php?rest_route=\/wp\/v2\/types\/post"}],"author":[{"embeddable":true,"href":"http:\/\/informeformosa.com.ar\/index.php?rest_route=\/wp\/v2\/users\/11"}],"replies":[{"embeddable":true,"href":"http:\/\/informeformosa.com.ar\/index.php?rest_route=%2Fwp%2Fv2%2Fcomments&post=66573"}],"version-history":[{"count":1,"href":"http:\/\/informeformosa.com.ar\/index.php?rest_route=\/wp\/v2\/posts\/66573\/revisions"}],"predecessor-version":[{"id":66578,"href":"http:\/\/informeformosa.com.ar\/index.php?rest_route=\/wp\/v2\/posts\/66573\/revisions\/66578"}],"wp:featuredmedia":[{"embeddable":true,"href":"http:\/\/informeformosa.com.ar\/index.php?rest_route=\/wp\/v2\/media\/66577"}],"wp:attachment":[{"href":"http:\/\/informeformosa.com.ar\/index.php?rest_route=%2Fwp%2Fv2%2Fmedia&parent=66573"}],"wp:term":[{"taxonomy":"category","embeddable":true,"href":"http:\/\/informeformosa.com.ar\/index.php?rest_route=%2Fwp%2Fv2%2Fcategories&post=66573"},{"taxonomy":"post_tag","embeddable":true,"href":"http:\/\/informeformosa.com.ar\/index.php?rest_route=%2Fwp%2Fv2%2Ftags&post=66573"}],"curies":[{"name":"wp","href":"https:\/\/api.w.org\/{rel}","templated":true}]}}