{"id":66115,"date":"2025-04-21T22:48:15","date_gmt":"2025-04-22T01:48:15","guid":{"rendered":"http:\/\/informeformosa.com.ar\/?p=66115"},"modified":"2025-04-21T22:48:16","modified_gmt":"2025-04-22T01:48:16","slug":"el-ejemplo-del-papa-francisco-vivira-para-siempre-en-el-corazon-de-nuestro-pueblo-subrayo-el-vicegobernador","status":"publish","type":"post","link":"http:\/\/informeformosa.com.ar\/?p=66115","title":{"rendered":"\u201cEl ejemplo del Papa Francisco vivir\u00e1 para siempre en el coraz\u00f3n de nuestro pueblo\u201d, subray\u00f3 el Vicegobernador"},"content":{"rendered":"\n<p><em>El fallecimiento del Papa Francisco (1936-2025) gener\u00f3 una profunda tristeza en el mundo y especialmente en la comunidad cat\u00f3lica.<\/em><\/p>\n\n\n\n<p>Al respecto, el vicegobernador de Formosa, Eber Sol\u00eds, se manifest\u00f3 ante el deceso del Sumo Pont\u00edfice. \u201cCon profundo pesar, despedimos al Papa Francisco, un hombre de fe y servicio, cuya vida estuvo dedicada a la paz, la justicia y el amor por los m\u00e1s humildes\u201d, expres\u00f3.<\/p>\n\n\n\n<p>Y destac\u00f3 que \u201csu Pontificado marc\u00f3 un antes y un despu\u00e9s en la historia de la Iglesia, llevando un mensaje de esperanza y fraternidad a cada rinc\u00f3n del mundo\u201d.<\/p>\n\n\n\n<p>Puso de relieve que \u201cpara los argentinos, fue un inmenso honor que haya sido el primer Papa nacido en nuestra tierra\u201d, resaltando que \u201csu liderazgo trascendi\u00f3 fronteras, pero nunca dej\u00f3 de recordar sus ra\u00edces, llevando siempre a la Argentina en su coraz\u00f3n y gui\u00e1ndonos con su mensaje de paz, justicia y fraternidad\u201d.<\/p>\n\n\n\n<p>En el final de su mensaje, el Vicegobernador remarc\u00f3 que \u201cdesde Formosa, tierra de fe, nos unimos en oraci\u00f3n por su eterno descanso y expresamos nuestro respeto y gratitud\u201d, significando que \u201csu ejemplo vivir\u00e1 para siempre en el coraz\u00f3n de nuestro pueblo\u201d.<\/p>\n\n\n\n<p><\/p>\n","protected":false},"excerpt":{"rendered":"<p>El fallecimiento del Papa Francisco (1936-2025) gener\u00f3 una profunda tristeza en el mundo y especialmente en la comunidad cat\u00f3lica. Al respecto, el vicegobernador de Formosa, Eber Sol\u00eds, se manifest\u00f3 ante el deceso del Sumo Pont\u00edfice. \u201cCon profundo pesar, despedimos al Papa Francisco, un hombre de fe y servicio, cuya vida estuvo dedicada a la paz, [&hellip;]<\/p>\n","protected":false},"author":11,"featured_media":66136,"comment_status":"closed","ping_status":"closed","sticky":false,"template":"","format":"standard","meta":{"footnotes":""},"categories":[2],"tags":[],"class_list":["post-66115","post","type-post","status-publish","format-standard","has-post-thumbnail","hentry","category-locales"],"_links":{"self":[{"href":"http:\/\/informeformosa.com.ar\/index.php?rest_route=\/wp\/v2\/posts\/66115","targetHints":{"allow":["GET"]}}],"collection":[{"href":"http:\/\/informeformosa.com.ar\/index.php?rest_route=\/wp\/v2\/posts"}],"about":[{"href":"http:\/\/informeformosa.com.ar\/index.php?rest_route=\/wp\/v2\/types\/post"}],"author":[{"embeddable":true,"href":"http:\/\/informeformosa.com.ar\/index.php?rest_route=\/wp\/v2\/users\/11"}],"replies":[{"embeddable":true,"href":"http:\/\/informeformosa.com.ar\/index.php?rest_route=%2Fwp%2Fv2%2Fcomments&post=66115"}],"version-history":[{"count":1,"href":"http:\/\/informeformosa.com.ar\/index.php?rest_route=\/wp\/v2\/posts\/66115\/revisions"}],"predecessor-version":[{"id":66137,"href":"http:\/\/informeformosa.com.ar\/index.php?rest_route=\/wp\/v2\/posts\/66115\/revisions\/66137"}],"wp:featuredmedia":[{"embeddable":true,"href":"http:\/\/informeformosa.com.ar\/index.php?rest_route=\/wp\/v2\/media\/66136"}],"wp:attachment":[{"href":"http:\/\/informeformosa.com.ar\/index.php?rest_route=%2Fwp%2Fv2%2Fmedia&parent=66115"}],"wp:term":[{"taxonomy":"category","embeddable":true,"href":"http:\/\/informeformosa.com.ar\/index.php?rest_route=%2Fwp%2Fv2%2Fcategories&post=66115"},{"taxonomy":"post_tag","embeddable":true,"href":"http:\/\/informeformosa.com.ar\/index.php?rest_route=%2Fwp%2Fv2%2Ftags&post=66115"}],"curies":[{"name":"wp","href":"https:\/\/api.w.org\/{rel}","templated":true}]}}