{"id":65708,"date":"2025-03-26T22:45:28","date_gmt":"2025-03-27T01:45:28","guid":{"rendered":"http:\/\/informeformosa.com.ar\/?p=65708"},"modified":"2025-03-26T22:45:30","modified_gmt":"2025-03-27T01:45:30","slug":"aumento-a-estatales","status":"publish","type":"post","link":"http:\/\/informeformosa.com.ar\/?p=65708","title":{"rendered":"AUMENTO A ESTATALES"},"content":{"rendered":"\n<p><strong>Antinori dijo que el 45% otorgado por Insfr\u00e1n marca una diferencia enorme con el 1.5% dispuesto por Naci\u00f3n<\/strong><\/p>\n\n\n\n<p><em>El viernes 28 iniciar\u00e1 el cronograma de pago de los haberes de marzo con el primer tramo del 15% del incremento del 45% establecido por el gobernador Gildo Insfr\u00e1n.<\/em><\/p>\n\n\n\n<p>En ese marco, el subsecretario de Hacienda y Finanzas, el contador p\u00fablico Miguel Antinori, subray\u00f3 que en comparaci\u00f3n con el Estado nacional, \u201cla medida que tom\u00f3 el doctor (Gildo) Insfr\u00e1n en cuanto a la pol\u00edtica salarial para (los empleados) del Estado provincial, aumentando en un 45% los sueldos durante los meses de marzo, abril y mayo marca una diferencia <strong>enorme<\/strong> entre los modelos de gesti\u00f3n\u201d en declaraciones que brind\u00f3 a la Agencia de Noticias Formosa (AGENFOR).<\/p>\n\n\n\n<p>En ese sentido, en el caso del Gobierno libertario, indic\u00f3 que \u201chay una conceptualizaci\u00f3n realmente dif\u00edcil de entender desde la dignidad humana\u201d, ya que apunt\u00f3 que \u201clo que hace la gesti\u00f3n actual a nivel nacional es faltar el respeto\u201d a las personas, \u201cdesde la reducci\u00f3n en la entrega de medicamentos a los jubilados y pensionados, la quita de subsidios y el cierre de oficinas p\u00fablicas, el despido de agentes y al personal que queda en la Administraci\u00f3n con incrementos salariales del 1,8% acumulado para el bimestre enero\/febrero\u201d.<\/p>\n\n\n\n<p>\u201cRealmente asustan los t\u00e9rminos y que haya una parte de la poblaci\u00f3n que entienda que desde la destrucci\u00f3n del Estado podemos arrancar como una naci\u00f3n libre de inflaci\u00f3n, porque pareciera que esa es la \u00fanica meta\u201d, afirm\u00f3.<\/p>\n\n\n\n<p>Luego se refiri\u00f3 a las transferencias de fondos que el Estado nacional debe cumplimentar legalmente con las provincias, las cuales se vienen incumpliendo pr\u00e1cticamente desde que asumi\u00f3 el presidente Javier Milei. \u201cCuando se celebran convenios que est\u00e1n encuadrados en las transferencias no autom\u00e1ticas, por ejemplo de asistencia a alg\u00fan programa, en particular de salud o social, se establece una cl\u00e1usula donde indican \u2018transferencias sujetas a la disponibilidad presupuestaria\u2019\u201d, explic\u00f3 el funcionario provincial.<\/p>\n\n\n\n<p>Ello se trata de \u201cun condicionante que siempre la Naci\u00f3n consigna con las provincias en general, como una suerte de contenci\u00f3n por alguna suerte tambi\u00e9n de quita en transferencias\u201d.<\/p>\n\n\n\n<p>Sin embargo, con este Gobierno Nacional \u201cya no estamos hablando de ese tipo de situaciones de v\u00ednculo Naci\u00f3n-provincias, sino directamente de normativas legales que la Naci\u00f3n est\u00e1 incumpliendo\u201d afirm\u00f3 Antinori.<\/p>\n\n\n\n<p>No obstante, hizo notar que pese a todo esto, \u201cFormosa prosigue su gesti\u00f3n, hay pol\u00edtica salarial, de gesti\u00f3n social y de infraestructura, todo esto con un criterio distributivo en todo el territorio Provincial\u201d.<\/p>\n\n\n\n<p><strong>Econom\u00eda provincial<\/strong><\/p>\n\n\n\n<p>Al brindar su discurso en la apertura de sesiones, el gobernador Insfr\u00e1n detall\u00f3 que el ejercicio financiero 2024 arroj\u00f3 un super\u00e1vit de $48 mil millones, consolidando lo que denomin\u00f3 \u201cuna administraci\u00f3n ordenada y con equilibrio fiscal\u201d.<\/p>\n\n\n\n<p>\u201cSe alcanzaron 23 a\u00f1os consecutivos de super\u00e1vit genuino y una Formosa desendeudada que cumple con sus obligaciones logrando que las cuentas cierren. Y cierran con la poblaci\u00f3n adentro, porque el peronismo del Modelo Formose\u00f1o es sin\u00f3nimo de orden fiscal\u201d indic\u00f3.<\/p>\n\n\n\n<p>Agreg\u00f3 que \u201cel super\u00e1vit expuesto por la Naci\u00f3n resulta falaz, atento a que el resultado no refleja los intereses de la deuda que registra la administraci\u00f3n federal que si se incluye se transforma en d\u00e9ficit\u201d.<\/p>\n\n\n\n<p>Adem\u00e1s, el primer mandatario provincial denunci\u00f3 ante la Asamblea Legislativa que el Gobierno nacional le produjo a Formosa un \u201cperjuicio econ\u00f3mico\u201d que super\u00f3 los $200 mil millones en el \u00faltimo a\u00f1o.<\/p>\n\n\n\n<p>En ese contexto, Antinori fue consultado sobre c\u00f3mo hace la provincia, a pesar de esta exorbitante deuda nacional, para mantener el orden de las cuentas p\u00fablicas, los gastos operativos, los pagos a proveedores, el pago de los haberes a los agentes y adem\u00e1s dar un aumento salarial del 45%, cuando la Naci\u00f3n otorg\u00f3 un exiguo 1,5% de incremento en enero y 1,2% en febrero.<\/p>\n\n\n\n<p>En ese sentido signific\u00f3 que \u201cla documentaci\u00f3n de la provincia, en sus n\u00fameros, est\u00e1 en primer lugar expuesta, porque por ah\u00ed algunos ponen en tela de juicio que no tenemos deuda y que el super\u00e1vit es mentiroso\u201d, dilucid\u00f3 primero que todo.<\/p>\n\n\n\n<p>\u201cLos n\u00fameros de la provincia est\u00e1n permanentemente evaluados como el resto de las provincias por el Consejo Federal de Responsabilidad Fiscal \u2013remarc\u00f3-. Nosotros tenemos ah\u00ed los indicadores de publicidad y transparencia que pide la ley\u201d, confirmando que \u201cnos han aprobado en el seguimiento el tercer trimestre del ejercicio pasado y ya hemos presentado, conforme lo expuso el Gobernador, el resultado del cuarto trimestre acumulado del a\u00f1o superavitario\u201d.<\/p>\n\n\n\n<p>Profundiz\u00f3 que \u201cnuestro indicador de deuda est\u00e1 en el 1.5%\u201d, denotando que \u201clos servicios que pagamos de capital e intereses representan ese porcentaje de la recaudaci\u00f3n corriente neto de transferencias por coparticipaci\u00f3n en Municipios\u201d.<\/p>\n\n\n\n<p>Y remarc\u00f3 que \u201cestamos en el 1,5% cuando la ley marca un l\u00edmite de hasta 15%\u201d, es decir \u201ccon un ratio que se viene sosteniendo desde que el gobernador Insfr\u00e1n dispuso el desendeudamiento all\u00e1 en el a\u00f1o 2010\u201d.<\/p>\n\n\n\n<p>De all\u00ed que \u201cesa cancelaci\u00f3n y la gesti\u00f3n a\u00f1o a a\u00f1o se desenvuelve con ahorros consecutivos y ya hace 23 a\u00f1os que se fueron acumulando\u201d, permiti\u00e9ndole a la provincia \u201csostener un est\u00e1ndar de gesti\u00f3n hacendal que no escapa de los valores exigidos por la Ley de Responsabilidad Fiscal\u201d, que son atendidos desde hace 20 a\u00f1os ya que esa norma cumple este Per\u00edodo esa vigencia\u201d.<\/p>\n\n\n\n<p><strong>Empleo p\u00fablico<\/strong><\/p>\n\n\n\n<p>En cuanto al indicador de empleo p\u00fablico, rechaz\u00f3 las disparatadas declaraciones de una medi\u00e1tica diputada provincial opositora, reiterando para graficar que \u201cFormosa, en el a\u00f1o \u201894 con la Ley 1119 de presupuesto, el n\u00famero de empleados p\u00fablicos estaba en el orden de los 39.500 agentes\u201d, mientras que con \u201cla N\u00ba 1710, que es la \u00faltima aprobada, correspondiente al a\u00f1o \u201823 y que fue consecutivamente prorrogada hasta este ejercicio, est\u00e1 en el orden de los 43 mil agentes p\u00fablicos\u201d.<\/p>\n\n\n\n<p>En paralelo, apunt\u00f3 que \u201cla poblaci\u00f3n del a\u00f1o \u201894, conforme al Censo de 1991, estaba en alrededor de 400 mil formose\u00f1os\u201d, en tanto que \u201choy estamos en 607 mil formose\u00f1os de acuerdo al censo 2022, con un aumento del 52%, aproximadamente\u201d.<\/p>\n\n\n\n<p>\u201cEl empleo p\u00fablico creci\u00f3 entre el 8 y el 8,5%, en t\u00e9rminos comparativos. Eso da la pauta de que hoy nuestra relaci\u00f3n es de 68 agentes estatales cada 1000 habitantes\u201d, clarific\u00f3, lo que expone que el Estado Provincial ha desarrollado una pol\u00edtica administrada del empleo estatal, poniendo \u00e9nfasis en la dotaci\u00f3n de personal de salud, seguridad y educaci\u00f3n que en su conjunto representa m\u00e1s del 80% de la composici\u00f3n del recurso humano.<\/p>\n\n\n\n<p><\/p>\n","protected":false},"excerpt":{"rendered":"<p>Antinori dijo que el 45% otorgado por Insfr\u00e1n marca una diferencia enorme con el 1.5% dispuesto por Naci\u00f3n El viernes 28 iniciar\u00e1 el cronograma de pago de los haberes de marzo con el primer tramo del 15% del incremento del 45% establecido por el gobernador Gildo Insfr\u00e1n. En ese marco, el subsecretario de Hacienda y [&hellip;]<\/p>\n","protected":false},"author":11,"featured_media":65709,"comment_status":"closed","ping_status":"closed","sticky":false,"template":"","format":"standard","meta":{"footnotes":""},"categories":[3],"tags":[],"class_list":["post-65708","post","type-post","status-publish","format-standard","has-post-thumbnail","hentry","category-politica-y-economia"],"_links":{"self":[{"href":"http:\/\/informeformosa.com.ar\/index.php?rest_route=\/wp\/v2\/posts\/65708","targetHints":{"allow":["GET"]}}],"collection":[{"href":"http:\/\/informeformosa.com.ar\/index.php?rest_route=\/wp\/v2\/posts"}],"about":[{"href":"http:\/\/informeformosa.com.ar\/index.php?rest_route=\/wp\/v2\/types\/post"}],"author":[{"embeddable":true,"href":"http:\/\/informeformosa.com.ar\/index.php?rest_route=\/wp\/v2\/users\/11"}],"replies":[{"embeddable":true,"href":"http:\/\/informeformosa.com.ar\/index.php?rest_route=%2Fwp%2Fv2%2Fcomments&post=65708"}],"version-history":[{"count":1,"href":"http:\/\/informeformosa.com.ar\/index.php?rest_route=\/wp\/v2\/posts\/65708\/revisions"}],"predecessor-version":[{"id":65710,"href":"http:\/\/informeformosa.com.ar\/index.php?rest_route=\/wp\/v2\/posts\/65708\/revisions\/65710"}],"wp:featuredmedia":[{"embeddable":true,"href":"http:\/\/informeformosa.com.ar\/index.php?rest_route=\/wp\/v2\/media\/65709"}],"wp:attachment":[{"href":"http:\/\/informeformosa.com.ar\/index.php?rest_route=%2Fwp%2Fv2%2Fmedia&parent=65708"}],"wp:term":[{"taxonomy":"category","embeddable":true,"href":"http:\/\/informeformosa.com.ar\/index.php?rest_route=%2Fwp%2Fv2%2Fcategories&post=65708"},{"taxonomy":"post_tag","embeddable":true,"href":"http:\/\/informeformosa.com.ar\/index.php?rest_route=%2Fwp%2Fv2%2Ftags&post=65708"}],"curies":[{"name":"wp","href":"https:\/\/api.w.org\/{rel}","templated":true}]}}