{"id":64814,"date":"2025-01-30T21:34:33","date_gmt":"2025-01-31T00:34:33","guid":{"rendered":"http:\/\/informeformosa.com.ar\/?p=64814"},"modified":"2025-01-30T21:34:33","modified_gmt":"2025-01-31T00:34:33","slug":"el-receso-administrativo-se-extendera-hasta-el-proximo-28-de-febrero","status":"publish","type":"post","link":"http:\/\/informeformosa.com.ar\/?p=64814","title":{"rendered":"El Receso Administrativo se extender\u00e1 hasta el pr\u00f3ximo 28 de febrero"},"content":{"rendered":"\n<p>Se extendi\u00f3 hasta el 28 de febrero del a\u00f1o en curso, inclusive, el receso administrativo dispuesto por el gobernador de la provincia Gildo Insfr\u00e1n, a trav\u00e9s del Decreto&nbsp; N\u00b0 480\/24, en cuyo transcurso regir\u00e1 el horario de labor de la administraci\u00f3n p\u00fablica provincial- con car\u00e1cter excepcional- de 8 a 12 horas.<\/p>\n\n\n\n<p>Asimismo, en su considerando, el instrumento legal indica que la medida, que inicialmente se dispuso tendr\u00eda vigencia del 26 de diciembre de 2024 al 31 de enero de 2025, y ahora extendida, est\u00e1 motivado en que persisten las razones de su dictado.<\/p>\n\n\n\n<p>Es decir que los diversos organismos afectados a la atenci\u00f3n de servicios p\u00fablicos esenciales y otros que en el desarrollo de sus funciones espec\u00edficas deben observar plazos legales y constitucionales improrrogables, correspondiendo exceptuarlos de tal medida, a fin de que ajusten&nbsp; su funcionamiento a las normas que lo rigen.<\/p>\n\n\n\n<p>En adelante se detalla los organismos afectados a los servicios p\u00fablicos esenciales: Ministerios de Desarrollo Humano, Turismo y la Comunidad, Secretar\u00eda de la Mujer, Servicio Provincial de Agua Potable (SPAP), Administraci\u00f3n Tributaria Provincial (ATP), Direcci\u00f3n Provincial de Vialidad (DPV), Unidad Provincial de Sistemas y Tecnolog\u00edas de Informaci6n (UPSTI), Instituto de Colonizaci6n y Tierras Fiscales, Contadur\u00eda General, Tesorer\u00eda General, Escriban\u00eda Mayor de Gobierno, Centro de Validaci\u00f3n de Tecnolog\u00edas Agropecuarias (CEDEVA), Subsecretarias de Comunicaci6n Social, de Desarrollo Econ\u00f3mico y de Hacienda y Finanzas.<\/p>\n\n\n\n<p>Tambi\u00e9n, las Direcciones de Parque Infantil, de Parque Acu\u00e1tico \u201c17 de Octubre\u201d, de Registro Civil y Capacidad de las Personas, de Registro de la Propiedad Inmueble, de Defensa Civil y General de Catastro Territorial, y el Departamento Intendencia de Casa de Gobierno).<\/p>\n\n\n\n<p>Por su parte, para el personal docente dicha medida se extiende hasta el 14 de febrero, inclusive, del corriente a\u00f1o.<\/p>\n","protected":false},"excerpt":{"rendered":"<p>Se extendi\u00f3 hasta el 28 de febrero del a\u00f1o en curso, inclusive, el receso administrativo dispuesto por el gobernador de la provincia Gildo Insfr\u00e1n, a trav\u00e9s del Decreto&nbsp; N\u00b0 480\/24, en cuyo transcurso regir\u00e1 el horario de labor de la administraci\u00f3n p\u00fablica provincial- con car\u00e1cter excepcional- de 8 a 12 horas. Asimismo, en su considerando, [&hellip;]<\/p>\n","protected":false},"author":11,"featured_media":64821,"comment_status":"closed","ping_status":"closed","sticky":false,"template":"","format":"standard","meta":{"footnotes":""},"categories":[21],"tags":[],"class_list":["post-64814","post","type-post","status-publish","format-standard","has-post-thumbnail","hentry","category-provinciales"],"_links":{"self":[{"href":"http:\/\/informeformosa.com.ar\/index.php?rest_route=\/wp\/v2\/posts\/64814","targetHints":{"allow":["GET"]}}],"collection":[{"href":"http:\/\/informeformosa.com.ar\/index.php?rest_route=\/wp\/v2\/posts"}],"about":[{"href":"http:\/\/informeformosa.com.ar\/index.php?rest_route=\/wp\/v2\/types\/post"}],"author":[{"embeddable":true,"href":"http:\/\/informeformosa.com.ar\/index.php?rest_route=\/wp\/v2\/users\/11"}],"replies":[{"embeddable":true,"href":"http:\/\/informeformosa.com.ar\/index.php?rest_route=%2Fwp%2Fv2%2Fcomments&post=64814"}],"version-history":[{"count":1,"href":"http:\/\/informeformosa.com.ar\/index.php?rest_route=\/wp\/v2\/posts\/64814\/revisions"}],"predecessor-version":[{"id":64822,"href":"http:\/\/informeformosa.com.ar\/index.php?rest_route=\/wp\/v2\/posts\/64814\/revisions\/64822"}],"wp:featuredmedia":[{"embeddable":true,"href":"http:\/\/informeformosa.com.ar\/index.php?rest_route=\/wp\/v2\/media\/64821"}],"wp:attachment":[{"href":"http:\/\/informeformosa.com.ar\/index.php?rest_route=%2Fwp%2Fv2%2Fmedia&parent=64814"}],"wp:term":[{"taxonomy":"category","embeddable":true,"href":"http:\/\/informeformosa.com.ar\/index.php?rest_route=%2Fwp%2Fv2%2Fcategories&post=64814"},{"taxonomy":"post_tag","embeddable":true,"href":"http:\/\/informeformosa.com.ar\/index.php?rest_route=%2Fwp%2Fv2%2Ftags&post=64814"}],"curies":[{"name":"wp","href":"https:\/\/api.w.org\/{rel}","templated":true}]}}