{"id":64811,"date":"2025-01-30T21:31:16","date_gmt":"2025-01-31T00:31:16","guid":{"rendered":"http:\/\/informeformosa.com.ar\/?p=64811"},"modified":"2025-01-30T21:31:17","modified_gmt":"2025-01-31T00:31:17","slug":"marcha-federal-desde-formosa-nos-pronunciamos-en-defensa-de-los-derechos","status":"publish","type":"post","link":"http:\/\/informeformosa.com.ar\/?p=64811","title":{"rendered":"Marcha Federal: \u201cDesde Formosa, nos pronunciamos en defensa de los derechos\u201d"},"content":{"rendered":"\n<p>En ese contexto, la profesora Ana Mar\u00eda del Riccio, coordinadora de Asuntos Educativos de la Jefatura de Gabinete del Gobierno de Formosa, rechaz\u00f3, en declaraciones a la <strong><em>Agencia de Noticias Formosa (AGENFOR)<\/em><\/strong>, \u201cla posici\u00f3n pol\u00edtica de extrema ultraderecha y reaccionaria del Gobierno nacional, que pretende usurpar, negar y quitar la ampliaci\u00f3n de derechos para con las mujeres\u201d.<\/p>\n\n\n\n<p>En ese sentido, mencion\u00f3 algunas de las leyes que se lograron en Argentina en los \u00faltimos 15 a\u00f1os: \u201cla Ley de Trata de Personas, de Protecci\u00f3n Integral de la Mujer (Ley 26.485). Luego la incorporaci\u00f3n en el 2012 del art\u00edculo 80 en el C\u00f3digo Penal de la figura del femicidio\u201d.<\/p>\n\n\n\n<p>Lo mismo que sobre la identidad de g\u00e9nero, tambi\u00e9n la \u00faltima de las leyes en el 2017, la paridad pol\u00edtica en los \u00f3rganos de representaci\u00f3n.<\/p>\n\n\n\n<p>En particular, sobre la figura jur\u00eddica del femicidio que busca eliminar el Gobierno nacional, explic\u00f3 la dirigente de larga trayectoria en el justicialismo local que \u201ctiene que ver con agravar la pena porque justamente se ha cometido en un contexto de violencia de g\u00e9nero\u201d, por tanto, \u201cno es una cuesti\u00f3n de varones contra mujeres, porque todos somos iguales ante la ley\u201d.<\/p>\n\n\n\n<p>Es m\u00e1s, \u201cel trato de igualdad sustantiva entre varones y mujeres est\u00e1 consagrado en la Constituci\u00f3n Nacional al igual que en Pactos y Convenciones Internacionales. Esto es que, a trav\u00e9s de estos \u00faltimos 15 a\u00f1os, existen leyes en favor de las mujeres\u201d, remarc\u00f3 Del Riccio.<\/p>\n\n\n\n<p><strong>Condenan los mensajes de odio<\/strong><\/p>\n\n\n\n<p>De esa manera, con firmeza conden\u00f3, \u201centonces este movimiento que se est\u00e1 gestando, no solamente por el mensaje de odio, reaccionario y conservador del presidente Javier Milei, como del Ministro de Justicia de la Naci\u00f3n, sino tambi\u00e9n por las medidas de car\u00e1cter program\u00e1tico\u201d.<\/p>\n\n\n\n<p>Y agreg\u00f3: \u201cCuando tenemos que pensar que las leyes no solamente tienen un punto de vista legal, sino tambi\u00e9n un mensaje educativo para la sociedad, es decir, culturalmente\u201d. Y, sobre todo, \u201cuna sociedad que se ha visto patriarcal, hist\u00f3ricamente\u201d, no obstante, valor\u00f3 especialmente \u201ceste esfuerzo y lucha de las mujeres a lo largo de la historia en todos los pa\u00edses del mundo\u201d.<\/p>\n\n\n\n<p>Sin embargo, alert\u00f3 que todav\u00eda en contexto de violencia de g\u00e9nero, seg\u00fan los n\u00fameros estad\u00edsticos en el a\u00f1o 2024, \u201cm\u00e1s de 267 muertes de mujeres que ocurren cada 32 horas\u201d.<\/p>\n\n\n\n<p>En adelante en la entrevista, asegur\u00f3 que \u201cla figura del femicidio es una conquista que, por el principio de progresividad, no podemos volver atr\u00e1s\u201d, ya que se trata de \u201cun avance en materia de derechos humanos, por eso, me parece que este pronunciamiento que tenemos que hacer no es solamente sobre esa figura, sino tambi\u00e9n sobre todas las conquistas en materia de igualdad entre varones y mujeres\u201d.<\/p>\n\n\n\n<p>Inclusive, respecto de la consideraci\u00f3n de la diversidad sexual, -contra la que tambi\u00e9n Milei carg\u00f3 en su discurso en Davos-, enfatiz\u00f3 del Riccio: \u201cNosotros no podemos fomentar el odio, la homofobia, la misoginia y la discriminaci\u00f3n en una sociedad democr\u00e1tica multi\u00e9tnica, pluricultural, por ello, desde Formosa nos pronunciamos en favor de esta igualdad y la conquista\u201d.<\/p>\n\n\n\n<p>A\u00f1adi\u00f3 tambi\u00e9n que el Partido Justicialista \u201cfue el primer partido en pronunciarse y establecer la paridad pol\u00edtica gracias a nuestra conducci\u00f3n\u201d. Sum\u00f3 aqu\u00ed tambi\u00e9n que un 8 de marzo de 2001 las mujeres se pronunciaron en contra de toda forma de violencia.<\/p>\n\n\n\n<p>Es por eso que tambi\u00e9n en Formosa se replicar\u00e1 la \u201cMarcha Federal Del Orgullo Antifascista Y Antirracista LGTBIQNB+\u201d. \u201cAs\u00ed que estamos a favor del reclamo, el repudio y el rechazo a esta intenci\u00f3n del Ejecutivo nacional de ir contra las conquistas en materia de derechos para con las mujeres\u201d, proclam\u00f3 de forma categ\u00f3rica.<\/p>\n\n\n\n<p>Esto es, en resumen, que, \u201cnosotros consideramos que es un derecho humano, un principio b\u00e1sico de justicia social\u201d, porque fue \u201cel Justicialismo el que les dio a las mujeres en la Argentina el derecho al voto, de elegir y ser elegidas, y tambi\u00e9n la posibilidad de organizarse de manera aut\u00f3noma desde el punto de vista pol\u00edtico\u201d.<\/p>\n\n\n\n<p>En definitiva, \u201ceste liderazgo o posici\u00f3n lograda en esta materia por la Argentina es un ejemplo en el mundo, por eso, no podemos retroceder de ninguna manera\u201d, reiter\u00f3 finalmente.<\/p>\n\n\n\n<p><\/p>\n","protected":false},"excerpt":{"rendered":"<p>En ese contexto, la profesora Ana Mar\u00eda del Riccio, coordinadora de Asuntos Educativos de la Jefatura de Gabinete del Gobierno de Formosa, rechaz\u00f3, en declaraciones a la Agencia de Noticias Formosa (AGENFOR), \u201cla posici\u00f3n pol\u00edtica de extrema ultraderecha y reaccionaria del Gobierno nacional, que pretende usurpar, negar y quitar la ampliaci\u00f3n de derechos para con [&hellip;]<\/p>\n","protected":false},"author":11,"featured_media":64818,"comment_status":"closed","ping_status":"closed","sticky":false,"template":"","format":"standard","meta":{"footnotes":""},"categories":[21],"tags":[],"class_list":["post-64811","post","type-post","status-publish","format-standard","has-post-thumbnail","hentry","category-provinciales"],"_links":{"self":[{"href":"http:\/\/informeformosa.com.ar\/index.php?rest_route=\/wp\/v2\/posts\/64811","targetHints":{"allow":["GET"]}}],"collection":[{"href":"http:\/\/informeformosa.com.ar\/index.php?rest_route=\/wp\/v2\/posts"}],"about":[{"href":"http:\/\/informeformosa.com.ar\/index.php?rest_route=\/wp\/v2\/types\/post"}],"author":[{"embeddable":true,"href":"http:\/\/informeformosa.com.ar\/index.php?rest_route=\/wp\/v2\/users\/11"}],"replies":[{"embeddable":true,"href":"http:\/\/informeformosa.com.ar\/index.php?rest_route=%2Fwp%2Fv2%2Fcomments&post=64811"}],"version-history":[{"count":1,"href":"http:\/\/informeformosa.com.ar\/index.php?rest_route=\/wp\/v2\/posts\/64811\/revisions"}],"predecessor-version":[{"id":64819,"href":"http:\/\/informeformosa.com.ar\/index.php?rest_route=\/wp\/v2\/posts\/64811\/revisions\/64819"}],"wp:featuredmedia":[{"embeddable":true,"href":"http:\/\/informeformosa.com.ar\/index.php?rest_route=\/wp\/v2\/media\/64818"}],"wp:attachment":[{"href":"http:\/\/informeformosa.com.ar\/index.php?rest_route=%2Fwp%2Fv2%2Fmedia&parent=64811"}],"wp:term":[{"taxonomy":"category","embeddable":true,"href":"http:\/\/informeformosa.com.ar\/index.php?rest_route=%2Fwp%2Fv2%2Fcategories&post=64811"},{"taxonomy":"post_tag","embeddable":true,"href":"http:\/\/informeformosa.com.ar\/index.php?rest_route=%2Fwp%2Fv2%2Ftags&post=64811"}],"curies":[{"name":"wp","href":"https:\/\/api.w.org\/{rel}","templated":true}]}}