{"id":64802,"date":"2025-01-30T21:14:08","date_gmt":"2025-01-31T00:14:08","guid":{"rendered":"http:\/\/informeformosa.com.ar\/?p=64802"},"modified":"2025-01-30T21:14:08","modified_gmt":"2025-01-31T00:14:08","slug":"convocan-a-participar-de-marcha-federal-en-defensa-de-derechos-conquistados","status":"publish","type":"post","link":"http:\/\/informeformosa.com.ar\/?p=64802","title":{"rendered":"Convocan a participar de marcha federal, en defensa de derechos conquistados"},"content":{"rendered":"\n<p><em>El pr\u00f3ximo s\u00e1bado 1 de febrero, en concordancia con todas las provincias y diversas ciudades del pa\u00eds, en Formosa se realizar\u00e1 la \u201cMarcha Federal Del Orgullo Antifascista y Antirracista LGTBIQNB+\u201d, cuya concentraci\u00f3n ser\u00e1 a las 17 horas en la plaza San Mart\u00edn para movilizar una hora despu\u00e9s hasta el Reloj de la Peatonal de la ciudad capital.<\/em><\/p>\n\n\n\n<p>Esta manifestaci\u00f3n surgi\u00f3 de una asamblea organizativa con convocatoria abierta que se llev\u00f3 a cabo el pasado martes 28 de enero en la sede de ATE Formosa, que cont\u00f3 con una amplia participaci\u00f3n de diversos sectores representativos de la sociedad.<\/p>\n\n\n\n<p>En ese marco, la diputada provincial justicialista Cristina Mirassou celebr\u00f3 esta iniciativa nacional, que tendr\u00e1 eco en Formosa y &nbsp;alert\u00f3 que el proyecto del presidente Javier Milei de eliminar la figura de femicidio C\u00f3digo Penal Argentino significa un gran retroceso y se trata de una medida antidemocr\u00e1tica, porque va contra leyes conquistadas por la movilizaci\u00f3n de las mujeres y las diversidades.<\/p>\n\n\n\n<p>\u201cQuiere arrasar con los derechos que son garantizados por leyes que fueron aprobadas por mayor\u00eda como corresponde, dentro del marco del Congreso, de la democracia\u201d consider\u00f3 en contacto con la <strong><em>Agencia de Noticias Formosa <\/em><\/strong>(AGENFOR).<\/p>\n\n\n\n<p>Se\u00f1al\u00f3 que los argumentos que se dan contra la figura jur\u00eddica del femicidio marcan que sus autores desconocen las estad\u00edsticas en la materia y significan un retroceso de cien a\u00f1os, en derechos conquistados.<\/p>\n\n\n\n<p>Valor\u00f3 que a lo largo del pa\u00eds las fuerzas pol\u00edticas, las agrupaciones culturales, de mujeres est\u00e1n reaccionando, y adelant\u00f3 que la convocatoria a una marcha para el s\u00e1bado, tambi\u00e9n tendr\u00e1 su r\u00e9plica en nuestra ciudad.<\/p>\n\n\n\n<p>A modo de s\u00edntesis record\u00f3 que el Gobierno Nacional encabezado por Javier Milei despidi\u00f3 a trabajadores del sector de Inmunizaciones, desarticulando esa \u00e1rea, adem\u00e1s avanz\u00f3 sobre la Secretar\u00eda de Derechos Humanos, desmantelando sectores importantes, vinculados a la Memoria nacional.<\/p>\n\n\n\n<p>Subray\u00f3 que entre tantas decisiones pol\u00edticas cuestionables, &nbsp;dej\u00f3 sin cobertura a las mujeres, v\u00edctimas de violencia, entre otras acciones que provocan un da\u00f1o directo en varios sectores de la sociedad.<\/p>\n\n\n\n<p>Consider\u00f3 Mirassou que este a\u00f1o, de elecci\u00f3n de diputados nacionales, es una buena oportunidad para exigirles el compromiso y la defensa de los derechos que est\u00e1n siendo avasallados.<\/p>\n\n\n\n<p>Tambi\u00e9n opin\u00f3 al respecto la concejal capitalina Mar\u00eda del Carmen Arga\u00f1araz (PJ), quien consider\u00f3 que desde el inicio de su presidencia, Javier Milei, muestra un discurso de crueldad y ejerce un retroceso en materia de derechos humanos.<\/p>\n\n\n\n<p>\u201cDecir que el femicidio legaliza la vida de las mujeres por encima de la del hombre, es desconocer esta figura jur\u00eddica tan importante, que en el a\u00f1o 2012 se incorpor\u00f3 al C\u00f3digo Penal\u201d se\u00f1al\u00f3 tras recordar que en el \u00faltimo a\u00f1o entre 250 y 300 mujeres murieron por razones de g\u00e9nero en el pa\u00eds, seg\u00fan datos de la Corte Suprema de Justicia de la Naci\u00f3n.<\/p>\n\n\n\n<p><strong>Diversidad Peronista<\/strong><\/p>\n\n\n\n<p>Varias agrupaciones ya adelantaron su participaci\u00f3n a la marcha, &nbsp;como Diversidad Peronista, con la arquitecta Emma Medina como responsable.<\/p>\n\n\n\n<p>&nbsp;En di\u00e1logo con esta Agencia, &nbsp;la trabajadora de Vialidad Nacional, que ingres\u00f3 a ese organismo por la Ley de Cupo Laboral Travesti Trans, se\u00f1al\u00f3 que participaron de la asamblea al considerar que todos los derechos conquistados-hoy en riesgo- se ganaron en gobiernos peronistas.<\/p>\n\n\n\n<p>Agradeci\u00f3 a las autoridades provinciales por abrir un espacio pol\u00edtico que contenga a todas las minor\u00edas de manera justa e igualitaria, donde los derechos son reconocidos.<\/p>\n\n\n\n<p>Destac\u00f3 Medina la lucha trans a nivel nacional, con compa\u00f1eras muertas que incluso murieron en la conquista de sus derechos, y enumer\u00f3 que nuestro pa\u00eds consigui\u00f3 leyes como la Identidad Igualitaria, el Matrimonio Igualitario, Identidad, Cupo Trans, entre otras.<\/p>\n\n\n\n<p>\u201cHoy vienen por nosotros, por los derechos de la comunidad, del colectivo y de las mujeres, ma\u00f1ana van a venir por otras cosas, ya lo vimos con los abuelos, las jubilaciones\u201d alert\u00f3.<\/p>\n","protected":false},"excerpt":{"rendered":"<p>El pr\u00f3ximo s\u00e1bado 1 de febrero, en concordancia con todas las provincias y diversas ciudades del pa\u00eds, en Formosa se realizar\u00e1 la \u201cMarcha Federal Del Orgullo Antifascista y Antirracista LGTBIQNB+\u201d, cuya concentraci\u00f3n ser\u00e1 a las 17 horas en la plaza San Mart\u00edn para movilizar una hora despu\u00e9s hasta el Reloj de la Peatonal de la [&hellip;]<\/p>\n","protected":false},"author":11,"featured_media":64803,"comment_status":"closed","ping_status":"closed","sticky":false,"template":"","format":"standard","meta":{"footnotes":""},"categories":[21],"tags":[],"class_list":["post-64802","post","type-post","status-publish","format-standard","has-post-thumbnail","hentry","category-provinciales"],"_links":{"self":[{"href":"http:\/\/informeformosa.com.ar\/index.php?rest_route=\/wp\/v2\/posts\/64802","targetHints":{"allow":["GET"]}}],"collection":[{"href":"http:\/\/informeformosa.com.ar\/index.php?rest_route=\/wp\/v2\/posts"}],"about":[{"href":"http:\/\/informeformosa.com.ar\/index.php?rest_route=\/wp\/v2\/types\/post"}],"author":[{"embeddable":true,"href":"http:\/\/informeformosa.com.ar\/index.php?rest_route=\/wp\/v2\/users\/11"}],"replies":[{"embeddable":true,"href":"http:\/\/informeformosa.com.ar\/index.php?rest_route=%2Fwp%2Fv2%2Fcomments&post=64802"}],"version-history":[{"count":1,"href":"http:\/\/informeformosa.com.ar\/index.php?rest_route=\/wp\/v2\/posts\/64802\/revisions"}],"predecessor-version":[{"id":64804,"href":"http:\/\/informeformosa.com.ar\/index.php?rest_route=\/wp\/v2\/posts\/64802\/revisions\/64804"}],"wp:featuredmedia":[{"embeddable":true,"href":"http:\/\/informeformosa.com.ar\/index.php?rest_route=\/wp\/v2\/media\/64803"}],"wp:attachment":[{"href":"http:\/\/informeformosa.com.ar\/index.php?rest_route=%2Fwp%2Fv2%2Fmedia&parent=64802"}],"wp:term":[{"taxonomy":"category","embeddable":true,"href":"http:\/\/informeformosa.com.ar\/index.php?rest_route=%2Fwp%2Fv2%2Fcategories&post=64802"},{"taxonomy":"post_tag","embeddable":true,"href":"http:\/\/informeformosa.com.ar\/index.php?rest_route=%2Fwp%2Fv2%2Ftags&post=64802"}],"curies":[{"name":"wp","href":"https:\/\/api.w.org\/{rel}","templated":true}]}}