{"id":64799,"date":"2025-01-30T21:15:55","date_gmt":"2025-01-31T00:15:55","guid":{"rendered":"http:\/\/informeformosa.com.ar\/?p=64799"},"modified":"2025-01-30T21:15:55","modified_gmt":"2025-01-31T00:15:55","slug":"ciclo-teatro-de-verano-en-formosa","status":"publish","type":"post","link":"http:\/\/informeformosa.com.ar\/?p=64799","title":{"rendered":"Ciclo Teatro de Verano en Formosa"},"content":{"rendered":"\n<p>La obra \u201cLa Prudencia\u201d del Grupo La Chamuller\u00eda inaugurar\u00e1 esta temporada 2025, este viernes 31 a las 21 horas. Puesta en escena que se replicar\u00e1 el 14 de febrero, en el mismo horario.<\/p>\n\n\n\n<p>Por otra parte, el viernes 21 de febrero, a las 21 horas, se presentar\u00e1 la narraci\u00f3n oral esc\u00e9nica \u201cCuentos a la orilla del r\u00edo\u201d, a cargo de Marina Silveri.<\/p>\n\n\n\n<p>Asimismo, las funciones de t\u00edteres, \u201cLa Comarca de los colores\u201d y \u201cCarlota y su gato negro\u201d del Grupo Juanas de la Tabla, tendr\u00e1n lugar el s\u00e1bado 22 de febrero a las 20.30 horas, mientas que la intervenci\u00f3n \u201cLas flores que nos corresponden\u201d ser\u00e1 a&nbsp; las 21.15 horas.<\/p>\n\n\n\n<p>Con el objetivo de apoyar al teatro independiente, fomentar la creatividad y el talento local, la entrada a los distintos espect\u00e1culos ser\u00e1 a la gorra.<\/p>\n\n\n\n<p><\/p>\n","protected":false},"excerpt":{"rendered":"<p>La obra \u201cLa Prudencia\u201d del Grupo La Chamuller\u00eda inaugurar\u00e1 esta temporada 2025, este viernes 31 a las 21 horas. Puesta en escena que se replicar\u00e1 el 14 de febrero, en el mismo horario. Por otra parte, el viernes 21 de febrero, a las 21 horas, se presentar\u00e1 la narraci\u00f3n oral esc\u00e9nica \u201cCuentos a la orilla [&hellip;]<\/p>\n","protected":false},"author":11,"featured_media":64806,"comment_status":"closed","ping_status":"closed","sticky":false,"template":"","format":"standard","meta":{"footnotes":""},"categories":[10],"tags":[],"class_list":["post-64799","post","type-post","status-publish","format-standard","has-post-thumbnail","hentry","category-cultura"],"_links":{"self":[{"href":"http:\/\/informeformosa.com.ar\/index.php?rest_route=\/wp\/v2\/posts\/64799","targetHints":{"allow":["GET"]}}],"collection":[{"href":"http:\/\/informeformosa.com.ar\/index.php?rest_route=\/wp\/v2\/posts"}],"about":[{"href":"http:\/\/informeformosa.com.ar\/index.php?rest_route=\/wp\/v2\/types\/post"}],"author":[{"embeddable":true,"href":"http:\/\/informeformosa.com.ar\/index.php?rest_route=\/wp\/v2\/users\/11"}],"replies":[{"embeddable":true,"href":"http:\/\/informeformosa.com.ar\/index.php?rest_route=%2Fwp%2Fv2%2Fcomments&post=64799"}],"version-history":[{"count":1,"href":"http:\/\/informeformosa.com.ar\/index.php?rest_route=\/wp\/v2\/posts\/64799\/revisions"}],"predecessor-version":[{"id":64807,"href":"http:\/\/informeformosa.com.ar\/index.php?rest_route=\/wp\/v2\/posts\/64799\/revisions\/64807"}],"wp:featuredmedia":[{"embeddable":true,"href":"http:\/\/informeformosa.com.ar\/index.php?rest_route=\/wp\/v2\/media\/64806"}],"wp:attachment":[{"href":"http:\/\/informeformosa.com.ar\/index.php?rest_route=%2Fwp%2Fv2%2Fmedia&parent=64799"}],"wp:term":[{"taxonomy":"category","embeddable":true,"href":"http:\/\/informeformosa.com.ar\/index.php?rest_route=%2Fwp%2Fv2%2Fcategories&post=64799"},{"taxonomy":"post_tag","embeddable":true,"href":"http:\/\/informeformosa.com.ar\/index.php?rest_route=%2Fwp%2Fv2%2Ftags&post=64799"}],"curies":[{"name":"wp","href":"https:\/\/api.w.org\/{rel}","templated":true}]}}