{"id":64786,"date":"2025-01-29T23:44:17","date_gmt":"2025-01-30T02:44:17","guid":{"rendered":"http:\/\/informeformosa.com.ar\/?p=64786"},"modified":"2025-01-29T23:44:18","modified_gmt":"2025-01-30T02:44:18","slug":"brindan-asesoramiento-en-los-barrios-con-respecto-al-subsidio-nacional-a-la-tarifa-electrica","status":"publish","type":"post","link":"http:\/\/informeformosa.com.ar\/?p=64786","title":{"rendered":"Brindan asesoramiento en los barrios con respecto al subsidio nacional a la tarifa el\u00e9ctrica"},"content":{"rendered":"\n<p>Dirigentes justicialistas y la militancia en su conjunto respaldaron el anuncio del gobernador Gildo Insfr\u00e1n, quien este martes 28 firm\u00f3 el Decreto 7\/25, a trav\u00e9s del cual el Gobierno provincial subsidiar\u00e1 con fondos propios el ciento por ciento del Valor Agregado de Distribuci\u00f3n (VAD) de energ\u00eda. Adem\u00e1s, dispuso la reformulaci\u00f3n del Programa Subsidio Provincial Esfuerzo Formose\u00f1o.<\/p>\n\n\n\n<p>La <strong><em>Agencia de Noticias Formosa (AGENFOR)<\/em><\/strong> dialog\u00f3 con Otilia Br\u00edtez, dirigente peronista y exdiputada provincial respecto a este tema, como tambi\u00e9n sobre el trabajo que vienen realizando en la ciudad de Formosa, visitando casa por casa, con el fin de asesorar a las familias en lo que hace al subsidio nacional.<\/p>\n\n\n\n<p>Esto es la inscripci\u00f3n al Registro de Acceso a los Subsidios a la Energ\u00eda (RASE), punto en el cual a\u00fan hay usuarios que no completaron el formulario, ante esto \u201cles pedimos que lo hagan\u201d, para lo cual indic\u00f3 que est\u00e1n abocados a la zona del Lote 4, San Jos\u00e9 Obrero y San P\u00edo.<\/p>\n\n\n\n<p>\u201cContando con el padr\u00f3n de todos aquellos a los que se le ha retirado el subsidio a nivel nacional\u201d, agreg\u00f3 tambi\u00e9n Br\u00edtez y destac\u00f3 que \u201cesta labor nos resulta muy linda porque as\u00ed tambi\u00e9n se tiene un contacto directo con el vecino\u201d.<\/p>\n\n\n\n<p>Y, en esa instancia, es que tambi\u00e9n \u201cle facilitamos el QR para que puedan hacerlo y si tienen alg\u00fan inconveniente, se pueden acercar a los distintos puntos de encuentro donde tenemos gazebos instalados\u201d.<\/p>\n\n\n\n<p>Sobre el decreto firmado por el gobernador Insfr\u00e1n, opin\u00f3 categ\u00f3rica que la oposici\u00f3n, \u201cque siempre est\u00e1 acostumbrada a decir mentiras, se qued\u00f3 con la boca abierta porque no tienen elementos ni argumentos para criticar la medida\u201d.<\/p>\n\n\n\n<p>Finalmente, afirm\u00f3: \u201cOrgullosos de trabajar con el gobernador Insfr\u00e1n, el mejor del pa\u00eds, vamos a seguir por la misma senda\u201d.<\/p>\n\n\n\n<p><\/p>\n","protected":false},"excerpt":{"rendered":"<p>Dirigentes justicialistas y la militancia en su conjunto respaldaron el anuncio del gobernador Gildo Insfr\u00e1n, quien este martes 28 firm\u00f3 el Decreto 7\/25, a trav\u00e9s del cual el Gobierno provincial subsidiar\u00e1 con fondos propios el ciento por ciento del Valor Agregado de Distribuci\u00f3n (VAD) de energ\u00eda. Adem\u00e1s, dispuso la reformulaci\u00f3n del Programa Subsidio Provincial Esfuerzo [&hellip;]<\/p>\n","protected":false},"author":11,"featured_media":64793,"comment_status":"closed","ping_status":"closed","sticky":false,"template":"","format":"standard","meta":{"footnotes":""},"categories":[21],"tags":[],"class_list":["post-64786","post","type-post","status-publish","format-standard","has-post-thumbnail","hentry","category-provinciales"],"_links":{"self":[{"href":"http:\/\/informeformosa.com.ar\/index.php?rest_route=\/wp\/v2\/posts\/64786","targetHints":{"allow":["GET"]}}],"collection":[{"href":"http:\/\/informeformosa.com.ar\/index.php?rest_route=\/wp\/v2\/posts"}],"about":[{"href":"http:\/\/informeformosa.com.ar\/index.php?rest_route=\/wp\/v2\/types\/post"}],"author":[{"embeddable":true,"href":"http:\/\/informeformosa.com.ar\/index.php?rest_route=\/wp\/v2\/users\/11"}],"replies":[{"embeddable":true,"href":"http:\/\/informeformosa.com.ar\/index.php?rest_route=%2Fwp%2Fv2%2Fcomments&post=64786"}],"version-history":[{"count":1,"href":"http:\/\/informeformosa.com.ar\/index.php?rest_route=\/wp\/v2\/posts\/64786\/revisions"}],"predecessor-version":[{"id":64794,"href":"http:\/\/informeformosa.com.ar\/index.php?rest_route=\/wp\/v2\/posts\/64786\/revisions\/64794"}],"wp:featuredmedia":[{"embeddable":true,"href":"http:\/\/informeformosa.com.ar\/index.php?rest_route=\/wp\/v2\/media\/64793"}],"wp:attachment":[{"href":"http:\/\/informeformosa.com.ar\/index.php?rest_route=%2Fwp%2Fv2%2Fmedia&parent=64786"}],"wp:term":[{"taxonomy":"category","embeddable":true,"href":"http:\/\/informeformosa.com.ar\/index.php?rest_route=%2Fwp%2Fv2%2Fcategories&post=64786"},{"taxonomy":"post_tag","embeddable":true,"href":"http:\/\/informeformosa.com.ar\/index.php?rest_route=%2Fwp%2Fv2%2Ftags&post=64786"}],"curies":[{"name":"wp","href":"https:\/\/api.w.org\/{rel}","templated":true}]}}