{"id":64783,"date":"2025-01-29T23:42:07","date_gmt":"2025-01-30T02:42:07","guid":{"rendered":"http:\/\/informeformosa.com.ar\/?p=64783"},"modified":"2025-01-29T23:42:08","modified_gmt":"2025-01-30T02:42:08","slug":"formosa-tendra-su-marcha-federal-del-orgullo-antifascista-contra-el-gobierno-nacional-este-sabado","status":"publish","type":"post","link":"http:\/\/informeformosa.com.ar\/?p=64783","title":{"rendered":"Formosa tendr\u00e1 su Marcha Federal Del Orgullo Antifascista contra el Gobierno nacional este s\u00e1bado"},"content":{"rendered":"\n<p>El pr\u00f3ximo s\u00e1bado 1 de febrero, en concordancia con todas las provincias y diversas ciudades del pa\u00eds, en Formosa se realizar\u00e1 la \u201cMarcha Federal Del Orgullo Antifascista Y Antirracista LGTBIQNB+\u201d, cuya concentraci\u00f3n ser\u00e1 a las 17 horas en la plaza San Mart\u00edn para movilizar a las 18 horas hasta el Reloj de la Peatonal de la ciudad capital.<\/p>\n\n\n\n<p>Esta manifestaci\u00f3n surge de una asamblea organizativa con convocatoria abierta que se llev\u00f3 a cabo el pasado martes 28 de enero en la sede de ATE Formosa, ubicada en Fotheringham 658.<\/p>\n\n\n\n<p>Al respecto, Alfonsina Salvarredy, militante feminista perteneciente a la Colectiva Transfeminista de Formosa, convers\u00f3 con <strong>AGENFOR<\/strong> y explic\u00f3 que esta convocatoria surgi\u00f3 a ra\u00edz de los dichos del Presidente en Davos.<\/p>\n\n\n\n<p>\u201cAc\u00e1 en Formosa nos juntamos el s\u00e1bado pasado, como todos los d\u00edas de nuestra asamblea. Y hoy, en especial, fue una asamblea para llamar a las organizaciones sociales, a los sindicatos, a todos los partidos pol\u00edticos, para este s\u00e1bado poder sumarnos al llamado federal, donde va a marchar todo el pa\u00eds y Formosa va a ser presente\u201d, sostuvo.<\/p>\n\n\n\n<p>Y aclar\u00f3 que, si bien a nivel nacional las movilizaciones arrancar\u00e1n desde las 16 horas, en la provincia, por las altas temperaturas, se defini\u00f3 que sea a partir de las 18 horas en la plaza San Mart\u00edn.<\/p>\n\n\n\n<p>\u201cDe ah\u00ed vamos a marchar al reloj de la Rivadavia y avenida 25 de mayo, donde se da por concluida la marcha\u201d, se\u00f1al\u00f3.<\/p>\n\n\n\n<p>Asimismo, la referente detall\u00f3 que tambi\u00e9n en ese marco habr\u00e1 micr\u00f3fono abierto \u201cpara que cada persona que marche pueda tomar la palabra y hacer una asamblea finalmente ah\u00ed\u201d.<\/p>\n\n\n\n<p>En cuanto a las consignas, dijo que \u201cson lo que m\u00e1s estamos debatiendo\u201d, pero estim\u00f3 que ir\u00e1n en contra de los dichos de Javier Milei en Davos, aunque no ser\u00e1n solamente en acompa\u00f1amiento al colectivo LGTBIQ+, sino tambi\u00e9n \u201cen defensa a las mujeres, los jubilados, jubiladas, los ni\u00f1os\u201d.<\/p>\n\n\n\n<p>\u201cY sobre todo con que quieran sacar la figura de Femicidio, tambi\u00e9n el Cupo Laboral Trans, Matrimonio Igualitario, por todas las conquistas que hubo y que ahora est\u00e1n en peligro\u201d, precis\u00f3.<\/p>\n\n\n\n<p>Respecto a la convocatoria de la asamblea organizativa, Salvarredy valor\u00f3 la gran concurrencia y expres\u00f3 estar \u201csuper emocionados y emocionadas\u201d porque \u201cvinieron de muchos sectores\u201d ya que la convocatoria del s\u00e1bado es \u201cen defensa de los derechos humanos sobre todo y de estas pol\u00edticas que est\u00e1n siendo realmente atroz\u201d, por eso, se decidi\u00f3 \u201cesta vez salir a la calle y no quedarnos en las redes\u201d.<\/p>\n\n\n\n<p>Adem\u00e1s, hubo personas del interior de la provincia que pudieron participar de esta instancia a trav\u00e9s de videollamada.<\/p>\n\n\n\n<p>\u201cEntonces hoy nos parece que es importante poder acompa\u00f1ar y esperemos que sea as\u00ed, que el s\u00e1bado 1 de febrero toda la poblaci\u00f3n de Formosa nos pueda acompa\u00f1ar\u201d, esboz\u00f3.<\/p>\n\n\n\n<p>Y cerr\u00f3: \u201cInvitamos a toda la poblaci\u00f3n, con bandera, sin bandera, con consignas, sin consignas, si quieren venir como quieran, pero ese es el objetivo, que seamos miles\u201d.<\/p>\n\n\n\n<p><\/p>\n","protected":false},"excerpt":{"rendered":"<p>El pr\u00f3ximo s\u00e1bado 1 de febrero, en concordancia con todas las provincias y diversas ciudades del pa\u00eds, en Formosa se realizar\u00e1 la \u201cMarcha Federal Del Orgullo Antifascista Y Antirracista LGTBIQNB+\u201d, cuya concentraci\u00f3n ser\u00e1 a las 17 horas en la plaza San Mart\u00edn para movilizar a las 18 horas hasta el Reloj de la Peatonal de [&hellip;]<\/p>\n","protected":false},"author":11,"featured_media":64790,"comment_status":"closed","ping_status":"closed","sticky":false,"template":"","format":"standard","meta":{"footnotes":""},"categories":[21],"tags":[],"class_list":["post-64783","post","type-post","status-publish","format-standard","has-post-thumbnail","hentry","category-provinciales"],"_links":{"self":[{"href":"http:\/\/informeformosa.com.ar\/index.php?rest_route=\/wp\/v2\/posts\/64783","targetHints":{"allow":["GET"]}}],"collection":[{"href":"http:\/\/informeformosa.com.ar\/index.php?rest_route=\/wp\/v2\/posts"}],"about":[{"href":"http:\/\/informeformosa.com.ar\/index.php?rest_route=\/wp\/v2\/types\/post"}],"author":[{"embeddable":true,"href":"http:\/\/informeformosa.com.ar\/index.php?rest_route=\/wp\/v2\/users\/11"}],"replies":[{"embeddable":true,"href":"http:\/\/informeformosa.com.ar\/index.php?rest_route=%2Fwp%2Fv2%2Fcomments&post=64783"}],"version-history":[{"count":1,"href":"http:\/\/informeformosa.com.ar\/index.php?rest_route=\/wp\/v2\/posts\/64783\/revisions"}],"predecessor-version":[{"id":64791,"href":"http:\/\/informeformosa.com.ar\/index.php?rest_route=\/wp\/v2\/posts\/64783\/revisions\/64791"}],"wp:featuredmedia":[{"embeddable":true,"href":"http:\/\/informeformosa.com.ar\/index.php?rest_route=\/wp\/v2\/media\/64790"}],"wp:attachment":[{"href":"http:\/\/informeformosa.com.ar\/index.php?rest_route=%2Fwp%2Fv2%2Fmedia&parent=64783"}],"wp:term":[{"taxonomy":"category","embeddable":true,"href":"http:\/\/informeformosa.com.ar\/index.php?rest_route=%2Fwp%2Fv2%2Fcategories&post=64783"},{"taxonomy":"post_tag","embeddable":true,"href":"http:\/\/informeformosa.com.ar\/index.php?rest_route=%2Fwp%2Fv2%2Ftags&post=64783"}],"curies":[{"name":"wp","href":"https:\/\/api.w.org\/{rel}","templated":true}]}}