{"id":64777,"date":"2025-01-29T23:37:40","date_gmt":"2025-01-30T02:37:40","guid":{"rendered":"http:\/\/informeformosa.com.ar\/?p=64777"},"modified":"2025-01-29T23:37:40","modified_gmt":"2025-01-30T02:37:40","slug":"el-gobernador-insfran-se-reunio-con-referentes-de-la-federacion-de-luz-y-fuerza","status":"publish","type":"post","link":"http:\/\/informeformosa.com.ar\/?p=64777","title":{"rendered":"El gobernador Insfr\u00e1n se reuni\u00f3 con referentes de la Federaci\u00f3n de Luz y Fuerza"},"content":{"rendered":"\n<p>Se trata del secretario general del organismo, Guillermo Moser; el secretario gremial, Lauro Paz y el secretario general local, Andr\u00e9s Bobadilla, con quienes mantuvo \u201cuna amena conversaci\u00f3n sobre su trabajo gremial y sobre la situaci\u00f3n del mercado el\u00e9ctrico argentino\u201d, expres\u00f3 el primer mandatario.<\/p>\n\n\n\n<p>Adem\u00e1s, agreg\u00f3 que en la misma \u201cse valor\u00f3 la decisi\u00f3n tomada en la provincia de subsidiar el 100% Valor Agregado de Distribuci\u00f3n (VAD) de las facturas del servicio, la cual beneficiar\u00e1 al 90% de los usuarios residenciales de medios y bajos ingresos en toda la provincia\u201d.<\/p>\n","protected":false},"excerpt":{"rendered":"<p>Se trata del secretario general del organismo, Guillermo Moser; el secretario gremial, Lauro Paz y el secretario general local, Andr\u00e9s Bobadilla, con quienes mantuvo \u201cuna amena conversaci\u00f3n sobre su trabajo gremial y sobre la situaci\u00f3n del mercado el\u00e9ctrico argentino\u201d, expres\u00f3 el primer mandatario. Adem\u00e1s, agreg\u00f3 que en la misma \u201cse valor\u00f3 la decisi\u00f3n tomada en [&hellip;]<\/p>\n","protected":false},"author":11,"featured_media":64787,"comment_status":"closed","ping_status":"closed","sticky":false,"template":"","format":"standard","meta":{"footnotes":""},"categories":[21],"tags":[],"class_list":["post-64777","post","type-post","status-publish","format-standard","has-post-thumbnail","hentry","category-provinciales"],"_links":{"self":[{"href":"http:\/\/informeformosa.com.ar\/index.php?rest_route=\/wp\/v2\/posts\/64777","targetHints":{"allow":["GET"]}}],"collection":[{"href":"http:\/\/informeformosa.com.ar\/index.php?rest_route=\/wp\/v2\/posts"}],"about":[{"href":"http:\/\/informeformosa.com.ar\/index.php?rest_route=\/wp\/v2\/types\/post"}],"author":[{"embeddable":true,"href":"http:\/\/informeformosa.com.ar\/index.php?rest_route=\/wp\/v2\/users\/11"}],"replies":[{"embeddable":true,"href":"http:\/\/informeformosa.com.ar\/index.php?rest_route=%2Fwp%2Fv2%2Fcomments&post=64777"}],"version-history":[{"count":1,"href":"http:\/\/informeformosa.com.ar\/index.php?rest_route=\/wp\/v2\/posts\/64777\/revisions"}],"predecessor-version":[{"id":64788,"href":"http:\/\/informeformosa.com.ar\/index.php?rest_route=\/wp\/v2\/posts\/64777\/revisions\/64788"}],"wp:featuredmedia":[{"embeddable":true,"href":"http:\/\/informeformosa.com.ar\/index.php?rest_route=\/wp\/v2\/media\/64787"}],"wp:attachment":[{"href":"http:\/\/informeformosa.com.ar\/index.php?rest_route=%2Fwp%2Fv2%2Fmedia&parent=64777"}],"wp:term":[{"taxonomy":"category","embeddable":true,"href":"http:\/\/informeformosa.com.ar\/index.php?rest_route=%2Fwp%2Fv2%2Fcategories&post=64777"},{"taxonomy":"post_tag","embeddable":true,"href":"http:\/\/informeformosa.com.ar\/index.php?rest_route=%2Fwp%2Fv2%2Ftags&post=64777"}],"curies":[{"name":"wp","href":"https:\/\/api.w.org\/{rel}","templated":true}]}}