{"id":64767,"date":"2025-01-29T23:25:42","date_gmt":"2025-01-30T02:25:42","guid":{"rendered":"http:\/\/informeformosa.com.ar\/?p=64767"},"modified":"2025-01-29T23:25:43","modified_gmt":"2025-01-30T02:25:43","slug":"de-vido-la-disminucion-en-las-facturas-de-electricidad-rondara-el-40","status":"publish","type":"post","link":"http:\/\/informeformosa.com.ar\/?p=64767","title":{"rendered":"De Vido: \u201cLa disminuci\u00f3n en las facturas de electricidad rondar\u00e1 el 40%\u201d"},"content":{"rendered":"\n<p>Consiste en la aplicaci\u00f3n de un subsidio provincial del ciento por ciento del cargo variable asociado al Valor Agregado de Distribuci\u00f3n (VAD), para los los usuarios definidos por el Registro de Acceso a los Subsidios de la Energ\u00eda (RASE) como Bajos Ingresos (N2) y de Ingresos Medios (N3) que consuman hasta 700 kw\/h mes.<\/p>\n\n\n\n<p>La medida tiene aplicaci\u00f3n retroactiva al 1\u00b0&nbsp;&nbsp;&nbsp;&nbsp;&nbsp;&nbsp;&nbsp;&nbsp;&nbsp; de diciembre del a\u00f1o 2024 con vigencia hasta el 31 de marzo de 2025, y tendr\u00e1 directo impacto en 106 mil familias formose\u00f1as. Implicar\u00e1 una inversi\u00f3n del Estado provincial de $1.400 millones por mes.<\/p>\n\n\n\n<p>En ese marco el presidente del directorio de REFSA S.A Fernando Antonio De Vido valor\u00f3 la decisi\u00f3n pol\u00edtica del gobernador Gildo Insfr\u00e1n destinada a los usuarios en los sectores vulnerables, clase media y trabajadora, en el costo de la distribuci\u00f3n de energ\u00eda, teniendo en cuenta el consumo promedio de energ\u00eda para una familia tipo en los meses de verano.<\/p>\n\n\n\n<p>En declaraciones que recogi\u00f3 la <strong><em>Agencia de Noticias Formosa<\/em><\/strong> (AGENFOR) aclar\u00f3 que el decreto tiene vigencia de forma autom\u00e1tica e incluye a todos los usuarios que est\u00e1n en el padr\u00f3n del Registro de Acceso al Subsidio El\u00e9ctrico en las categor\u00edas N2 y N3.<\/p>\n\n\n\n<p>Dijo el funcionario que ser\u00e1 un impacto muy importante en las facturas, significar\u00e1 una <strong>disminuci\u00f3n que se ubicar\u00e1 entre el 36 y 40%.<\/strong><\/p>\n\n\n\n<p>Al explicar de qu\u00e9 se trata el VAD, se\u00f1al\u00f3 que \u201ces el costo que tiene la distribuci\u00f3n de la energ\u00eda en todos los barrios de la ciudad, en todas las localidades y en el \u00e1rea rural\u201d.<\/p>\n\n\n\n<p>\u201cEsto es una financiaci\u00f3n al sistema, un subsidio a todos los usuarios con recursos propios del Gobierno de la provincia de Formosa, del Tesoro Provincial, por decisi\u00f3n del gobernador Gildo Insfr\u00e1n\u201d insisti\u00f3 el responsable de REFSA.<\/p>\n\n\n\n<p><strong>Desmentida<\/strong><\/p>\n\n\n\n<p>De Vido se refiri\u00f3 a los dichos de una legisladora provincial de la oposici\u00f3n al se\u00f1alar que &nbsp;\u201cbusca tergiversar y mentir, confundir en una situaci\u00f3n complicada para todos los formose\u00f1os y argentinos, con mentiras que van en contra de una apertura, un di\u00e1logo y un esfuerzo que hace el Gobierno para acompa\u00f1arlos en esta situaci\u00f3n\u201d.<\/p>\n\n\n\n<p>Remarc\u00f3 que el 76% mensual de todo lo que se factura en Refsa Electricidad tiene como destino abonar a la Secretar\u00eda de Energ\u00eda de la Naci\u00f3n por la energ\u00eda suministrada y a los impuestos nacionales.<\/p>\n\n\n\n<p>En el mismo sentido, aclar\u00f3 que la provincia de Formosa no aplica ning\u00fan tributo provincial en este servicio p\u00fablico, lo que constituye un \u201cimportante esfuerzo impositivo que hace el Gobierno provincial\u201d.<\/p>\n\n\n\n<p>Adem\u00e1s, ponder\u00f3 que REFSA es la \u00fanica distribuidora de energ\u00eda del pa\u00eds que tom\u00f3 esta decisi\u00f3n, para todos los usuarios de bajos recursos, \u201cde subsidiar los costos provinciales el ciento por ciento desde el 1 de diciembre hasta el 31 de marzo, periodo del a\u00f1o de mayor consumo, por el clima de nuestro territorio\u201d.<\/p>\n\n\n\n<p>Aclar\u00f3 el funcionario provincial que el ciento por ciento de los aportes que signifiquen este subsidio para los usuarios es afrontado con recursos del Gobierno de la provincia de Formosa, por decisi\u00f3n del Gobernador.<\/p>\n\n\n\n<p>Para enmarcar la situaci\u00f3n dif\u00edcil que atraviesa el sector, record\u00f3 que en el \u00faltimo a\u00f1o, el gobierno de Javier Milei implement\u00f3 aumentos del <strong>3.600 %<\/strong> en la conformaci\u00f3n de la factura de CAMMESA, que corresponden a la potencia y de <strong>2037%<\/strong> en la energ\u00eda, es decir \u201centre 20 y 30 veces lo que la Secretar\u00eda de Energ\u00eda le est\u00e1 cobrando a las distribuidoras. Quien administra la provisi\u00f3n es el Gobierno nacional\u201d subray\u00f3.<\/p>\n\n\n\n<p><\/p>\n","protected":false},"excerpt":{"rendered":"<p>Consiste en la aplicaci\u00f3n de un subsidio provincial del ciento por ciento del cargo variable asociado al Valor Agregado de Distribuci\u00f3n (VAD), para los los usuarios definidos por el Registro de Acceso a los Subsidios de la Energ\u00eda (RASE) como Bajos Ingresos (N2) y de Ingresos Medios (N3) que consuman hasta 700 kw\/h mes. La [&hellip;]<\/p>\n","protected":false},"author":11,"featured_media":64775,"comment_status":"closed","ping_status":"closed","sticky":false,"template":"","format":"standard","meta":{"footnotes":""},"categories":[21],"tags":[],"class_list":["post-64767","post","type-post","status-publish","format-standard","has-post-thumbnail","hentry","category-provinciales"],"_links":{"self":[{"href":"http:\/\/informeformosa.com.ar\/index.php?rest_route=\/wp\/v2\/posts\/64767","targetHints":{"allow":["GET"]}}],"collection":[{"href":"http:\/\/informeformosa.com.ar\/index.php?rest_route=\/wp\/v2\/posts"}],"about":[{"href":"http:\/\/informeformosa.com.ar\/index.php?rest_route=\/wp\/v2\/types\/post"}],"author":[{"embeddable":true,"href":"http:\/\/informeformosa.com.ar\/index.php?rest_route=\/wp\/v2\/users\/11"}],"replies":[{"embeddable":true,"href":"http:\/\/informeformosa.com.ar\/index.php?rest_route=%2Fwp%2Fv2%2Fcomments&post=64767"}],"version-history":[{"count":1,"href":"http:\/\/informeformosa.com.ar\/index.php?rest_route=\/wp\/v2\/posts\/64767\/revisions"}],"predecessor-version":[{"id":64776,"href":"http:\/\/informeformosa.com.ar\/index.php?rest_route=\/wp\/v2\/posts\/64767\/revisions\/64776"}],"wp:featuredmedia":[{"embeddable":true,"href":"http:\/\/informeformosa.com.ar\/index.php?rest_route=\/wp\/v2\/media\/64775"}],"wp:attachment":[{"href":"http:\/\/informeformosa.com.ar\/index.php?rest_route=%2Fwp%2Fv2%2Fmedia&parent=64767"}],"wp:term":[{"taxonomy":"category","embeddable":true,"href":"http:\/\/informeformosa.com.ar\/index.php?rest_route=%2Fwp%2Fv2%2Fcategories&post=64767"},{"taxonomy":"post_tag","embeddable":true,"href":"http:\/\/informeformosa.com.ar\/index.php?rest_route=%2Fwp%2Fv2%2Ftags&post=64767"}],"curies":[{"name":"wp","href":"https:\/\/api.w.org\/{rel}","templated":true}]}}