{"id":64766,"date":"2025-01-29T23:24:10","date_gmt":"2025-01-30T02:24:10","guid":{"rendered":"http:\/\/informeformosa.com.ar\/?p=64766"},"modified":"2025-01-29T23:24:10","modified_gmt":"2025-01-30T02:24:10","slug":"es-claro-y-evidente-que-a-milei-no-le-importa-la-gente","status":"publish","type":"post","link":"http:\/\/informeformosa.com.ar\/?p=64766","title":{"rendered":"\u201cEs claro y evidente que a Milei no le importa la gente\u201d"},"content":{"rendered":"\n<p><em>El jefe de la bancada justicialista en la Legislatura, Agust\u00edn Samaniego, analiz\u00f3 la decisi\u00f3n del Gobierno provincial de subsidiar con fondos genuinos del Tesoro Provincial el ciento por ciento del Valor Agregado de Distribuci\u00f3n de la energ\u00eda a m\u00e1s de 106.000 familias de ingresos medios y bajos.<\/em><\/p>\n\n\n\n<p>En declaraciones que formul\u00f3 a la Agencia de Noticias Formosa (AGENFOR) consider\u00f3 que la eliminaci\u00f3n del cobro del costo de distribuci\u00f3n de la energ\u00eda el\u00e9ctrica, durante los meses de verano, representa un gran esfuerzo para las arcas formose\u00f1as. \u201cSin duda valen la pena, porque se est\u00e1 ayudando, ante esta muy dif\u00edcil situaci\u00f3n econ\u00f3mica, a m\u00e1s de cien mil hogares\u201d acot\u00f3.<\/p>\n\n\n\n<p>Trajo a colaci\u00f3n que &nbsp;el gobierno de Javier Milei, \u201ccon la crueldad y anomia que lo caracteriza, ha aumentado en solo un a\u00f1o m\u00e1s de tres mil por ciento el valor de la energ\u00eda el\u00e9ctrica y por si eso fuera poco elimin\u00f3 gran parte de los subsidios a los hogares, a los comercios e industrias argentinas\u201d.<\/p>\n\n\n\n<p>\u201cTodo este cuadro afect\u00f3 severamente la situaci\u00f3n econ\u00f3mica de los sectores medios y bajos, m\u00e1s a\u00fan en provincias como la nuestra, tenemos como \u00fanica fuente de energ\u00eda la el\u00e9ctrica, y que con las altas temperaturas en esta \u00e9poca aumenta el consumo\u201d enfatiz\u00f3.<\/p>\n\n\n\n<p>Para el legislador, \u201cEs claro y evidente que a Milei no le importa la gente. Solo le interesa que le cierren los n\u00fameros, que tampoco le est\u00e1n cerrando muy bien\u201d.<\/p>\n\n\n\n<p><strong>Decisi\u00f3n trascendental<\/strong><\/p>\n\n\n\n<p>En este punto, marc\u00f3 el contraste pol\u00edtico e ideol\u00f3gico entre Naci\u00f3n y Provincial, al recordar que el gobernador Gildo Insfr\u00e1n no solo mantuvo, sino que ampli\u00f3 &nbsp;el subsidio provincial Esfuerzo Formose\u00f1o, sin cobrar impuestos provinciales.<\/p>\n\n\n\n<p>\u201cTom\u00f3 esta decisi\u00f3n trascendental de que REFSA no cobre el Valor Agregado de Distribuci\u00f3n a los que consumen hasta 700 kWh por mes -que incluyen a cerca del 80 % de los usuarios de sectores medios y de los sectores m\u00e1s vulnerables\u201d precis\u00f3.<\/p>\n\n\n\n<p>\u201cMientras el gobierno nacional le quita los impuestos a los autos de lujo solamente, aqu\u00ed en Formosa se toma esta medida de ayuda vital para los m\u00e1s golpeados por esta crisis generada por Milei\u201d abund\u00f3.<\/p>\n\n\n\n<p><strong>Personajes<\/strong><\/p>\n\n\n\n<p>Samaniego tambi\u00e9n se refiri\u00f3 a las repercusiones de esta decisi\u00f3n del Gobernador y a las cr\u00edticas de \u201calgunos personajes de la oposici\u00f3n pol\u00edtica formose\u00f1a\u201d que, dijo, \u201cante la ausencia de argumentos solo vociferan agravios y sandeces\u201d.<\/p>\n\n\n\n<p>\u201c\u00bfPuede alguien estar en contra de esta medida? \u00bfPuede alguien no reconocer el esfuerzo que significa para el Estado Provincial&nbsp; de m\u00e1s de 1.400 millones de pesos?\u201d se pregunt\u00f3 el legislador.<\/p>\n\n\n\n<p>\u201cAhora resulta que los que aplauden y son los ac\u00f3litos de Milei en Formosa, que aument\u00f3 el costo de la energ\u00eda, que solo subsidia a los que consumen menos de 350 kWh, y luego les obliga a pagar tarifa plena, y paraliz\u00f3 todas las obras de infraestructura el\u00e9ctrica en Formosa, reprueban y menosprecian esta medida\u201d se\u00f1al\u00f3.<\/p>\n\n\n\n<p>\u201cEl orden del odio y de la egolatr\u00eda llevan a la oposici\u00f3n a tener estos comportamientos ins\u00f3litos. Sus ambiciones desmedidas los hacen caer en la desesperaci\u00f3n y el absurdo\u201d a\u00f1adi\u00f3.<\/p>\n\n\n\n<p>Al finalizar se\u00f1al\u00f3 que la decisi\u00f3n del Gobernador es \u201cfiel reflejo del esp\u00edritu de justicia social del Modelo Formose\u00f1o, y al mismo tiempo de la responsabilidad en el manejo de los fondos p\u00fablicos\u201d.<\/p>\n\n\n\n<p><\/p>\n","protected":false},"excerpt":{"rendered":"<p>El jefe de la bancada justicialista en la Legislatura, Agust\u00edn Samaniego, analiz\u00f3 la decisi\u00f3n del Gobierno provincial de subsidiar con fondos genuinos del Tesoro Provincial el ciento por ciento del Valor Agregado de Distribuci\u00f3n de la energ\u00eda a m\u00e1s de 106.000 familias de ingresos medios y bajos. En declaraciones que formul\u00f3 a la Agencia de [&hellip;]<\/p>\n","protected":false},"author":11,"featured_media":64770,"comment_status":"closed","ping_status":"closed","sticky":false,"template":"","format":"standard","meta":{"footnotes":""},"categories":[21],"tags":[],"class_list":["post-64766","post","type-post","status-publish","format-standard","has-post-thumbnail","hentry","category-provinciales"],"_links":{"self":[{"href":"http:\/\/informeformosa.com.ar\/index.php?rest_route=\/wp\/v2\/posts\/64766","targetHints":{"allow":["GET"]}}],"collection":[{"href":"http:\/\/informeformosa.com.ar\/index.php?rest_route=\/wp\/v2\/posts"}],"about":[{"href":"http:\/\/informeformosa.com.ar\/index.php?rest_route=\/wp\/v2\/types\/post"}],"author":[{"embeddable":true,"href":"http:\/\/informeformosa.com.ar\/index.php?rest_route=\/wp\/v2\/users\/11"}],"replies":[{"embeddable":true,"href":"http:\/\/informeformosa.com.ar\/index.php?rest_route=%2Fwp%2Fv2%2Fcomments&post=64766"}],"version-history":[{"count":1,"href":"http:\/\/informeformosa.com.ar\/index.php?rest_route=\/wp\/v2\/posts\/64766\/revisions"}],"predecessor-version":[{"id":64773,"href":"http:\/\/informeformosa.com.ar\/index.php?rest_route=\/wp\/v2\/posts\/64766\/revisions\/64773"}],"wp:featuredmedia":[{"embeddable":true,"href":"http:\/\/informeformosa.com.ar\/index.php?rest_route=\/wp\/v2\/media\/64770"}],"wp:attachment":[{"href":"http:\/\/informeformosa.com.ar\/index.php?rest_route=%2Fwp%2Fv2%2Fmedia&parent=64766"}],"wp:term":[{"taxonomy":"category","embeddable":true,"href":"http:\/\/informeformosa.com.ar\/index.php?rest_route=%2Fwp%2Fv2%2Fcategories&post=64766"},{"taxonomy":"post_tag","embeddable":true,"href":"http:\/\/informeformosa.com.ar\/index.php?rest_route=%2Fwp%2Fv2%2Ftags&post=64766"}],"curies":[{"name":"wp","href":"https:\/\/api.w.org\/{rel}","templated":true}]}}