{"id":64765,"date":"2025-01-29T23:22:18","date_gmt":"2025-01-30T02:22:18","guid":{"rendered":"http:\/\/informeformosa.com.ar\/?p=64765"},"modified":"2025-01-29T23:22:19","modified_gmt":"2025-01-30T02:22:19","slug":"satisfaccion-de-la-cgt-por-reestructuracion-del-subsidio-provincial-esfuerzo-formoseno","status":"publish","type":"post","link":"http:\/\/informeformosa.com.ar\/?p=64765","title":{"rendered":"Satisfacci\u00f3n de la CGT por reestructuraci\u00f3n del Subsidio Provincial Esfuerzo Formose\u00f1o"},"content":{"rendered":"\n<p>Con la firma del secretario gremial Vicente Insfr\u00e1n y del delegado regional Hilario Martinez, la Confederaci\u00f3n General del Trabajo (C.G.T.) Delegaci\u00f3n Regional Formosa, &nbsp;manifest\u00f3 su satisfacci\u00f3n por una decisi\u00f3n pol\u00edtica tomada por el gobernador de la provincia de Formosa, Gildo Insfr\u00e1n.<\/p>\n\n\n\n<p>Se trata de la reestructuraci\u00f3n del programa &nbsp;\u201cSubsidio Provincial Esfuerzo Formose\u00f1o\u201d a trav\u00e9s de la &nbsp;implementaci\u00f3n de un subsidio del ciento por cientoto del concepto Valor Agregado de Distribuci\u00f3n para usuarios definidos como Bajos Ingresos (N2) y de &nbsp;Ingresos Medios (N3) que consuman hasta setecientos kilovatios hora &nbsp;por mes (700 kwh-mes), quienes solo abonar\u00edan en sus facturas los conceptos &nbsp;establecidos por las autoridades nacionales para los consumos efectuados a partir &nbsp;del 1 de diciembre de 2024 hasta el 31 de marzo de 2025.<\/p>\n\n\n\n<p>Valor\u00f3 el gremio la acertada medida, ante las disposiciones arbitrarias tomadas por el gobierno de Javier Milei, en detrimento de los que menos tienen, en un contexto de dif\u00edcil situaci\u00f3n econ\u00f3mica que vive el pa\u00eds.<\/p>\n\n\n\n<p>\u201cEl Gobernador de todos los formose\u00f1os, de conformidad con los &nbsp;lineamientos sustentados por los principios de justicia social, solidaridad y &nbsp;popularidad, en defensa de los intereses colectivos y en repudio a todo aquello &nbsp;que afecta directa e indirectamente el bien estar de nuestra sociedad, advierte toda esta situaci\u00f3n y toma la determinaci\u00f3n de solventar con un aporte &nbsp;importante y as\u00ed cuidar la econom\u00eda familiar\u201d se\u00f1ala el comunicado conocido en las \u00faltimas horas.<\/p>\n\n\n\n<p>Se\u00f1ala que la aplicaci\u00f3n del subsidio &nbsp;provincial para los consumos de los usuarios de bajo y medios ingresos de &nbsp;manera persigue \u201cmayor equidad e igualdad de condiciones para todos los ciudadanos\u201d.<\/p>\n\n\n\n<p><\/p>\n","protected":false},"excerpt":{"rendered":"<p>Con la firma del secretario gremial Vicente Insfr\u00e1n y del delegado regional Hilario Martinez, la Confederaci\u00f3n General del Trabajo (C.G.T.) Delegaci\u00f3n Regional Formosa, &nbsp;manifest\u00f3 su satisfacci\u00f3n por una decisi\u00f3n pol\u00edtica tomada por el gobernador de la provincia de Formosa, Gildo Insfr\u00e1n. Se trata de la reestructuraci\u00f3n del programa &nbsp;\u201cSubsidio Provincial Esfuerzo Formose\u00f1o\u201d a trav\u00e9s de [&hellip;]<\/p>\n","protected":false},"author":11,"featured_media":64769,"comment_status":"closed","ping_status":"closed","sticky":false,"template":"","format":"standard","meta":{"footnotes":""},"categories":[21],"tags":[],"class_list":["post-64765","post","type-post","status-publish","format-standard","has-post-thumbnail","hentry","category-provinciales"],"_links":{"self":[{"href":"http:\/\/informeformosa.com.ar\/index.php?rest_route=\/wp\/v2\/posts\/64765","targetHints":{"allow":["GET"]}}],"collection":[{"href":"http:\/\/informeformosa.com.ar\/index.php?rest_route=\/wp\/v2\/posts"}],"about":[{"href":"http:\/\/informeformosa.com.ar\/index.php?rest_route=\/wp\/v2\/types\/post"}],"author":[{"embeddable":true,"href":"http:\/\/informeformosa.com.ar\/index.php?rest_route=\/wp\/v2\/users\/11"}],"replies":[{"embeddable":true,"href":"http:\/\/informeformosa.com.ar\/index.php?rest_route=%2Fwp%2Fv2%2Fcomments&post=64765"}],"version-history":[{"count":1,"href":"http:\/\/informeformosa.com.ar\/index.php?rest_route=\/wp\/v2\/posts\/64765\/revisions"}],"predecessor-version":[{"id":64771,"href":"http:\/\/informeformosa.com.ar\/index.php?rest_route=\/wp\/v2\/posts\/64765\/revisions\/64771"}],"wp:featuredmedia":[{"embeddable":true,"href":"http:\/\/informeformosa.com.ar\/index.php?rest_route=\/wp\/v2\/media\/64769"}],"wp:attachment":[{"href":"http:\/\/informeformosa.com.ar\/index.php?rest_route=%2Fwp%2Fv2%2Fmedia&parent=64765"}],"wp:term":[{"taxonomy":"category","embeddable":true,"href":"http:\/\/informeformosa.com.ar\/index.php?rest_route=%2Fwp%2Fv2%2Fcategories&post=64765"},{"taxonomy":"post_tag","embeddable":true,"href":"http:\/\/informeformosa.com.ar\/index.php?rest_route=%2Fwp%2Fv2%2Ftags&post=64765"}],"curies":[{"name":"wp","href":"https:\/\/api.w.org\/{rel}","templated":true}]}}