{"id":64755,"date":"2025-01-28T22:49:23","date_gmt":"2025-01-29T01:49:23","guid":{"rendered":"http:\/\/informeformosa.com.ar\/?p=64755"},"modified":"2025-01-28T22:49:23","modified_gmt":"2025-01-29T01:49:23","slug":"el-diputado-roman-destaco-la-justicia-social-de-los-subsidios-energeticos-dispuestos-por-gildo-insfran","status":"publish","type":"post","link":"http:\/\/informeformosa.com.ar\/?p=64755","title":{"rendered":"El diputado Rom\u00e1n destac\u00f3 \u201cla justicia social\u201d de los subsidios energ\u00e9ticos dispuestos por Gildo Insfr\u00e1n"},"content":{"rendered":"\n<p>El diputado provincial y presidente de la Comisi\u00f3n de Asuntos Econ\u00f3micos de la Legislatura, Jorge Rom\u00e1n, expres\u00f3 su respaldo y reconocimiento a la medida anunciada por el gobernador Gildo Insfr\u00e1n, quien a trav\u00e9s del Decreto 7\/25 dispuso ampliar los subsidios a la energ\u00eda para beneficiar a m\u00e1s de 106 mil usuarios residenciales de bajos y medios ingresos en la provincia de Formosa.<\/p>\n\n\n\n<p>Rom\u00e1n calific\u00f3 esta decisi\u00f3n como \u201cun acto de estricta justicia social\u201d y destac\u00f3 el impacto directo en la econom\u00eda de los hogares formose\u00f1os, afectados por los tarifazos nacionales.<\/p>\n\n\n\n<p>\u201cLa ampliaci\u00f3n del Programa Subsidio Provincial Esfuerzo Formose\u00f1o demuestra el compromiso del Gobernador con los sectores m\u00e1s vulnerables de nuestra sociedad, quienes hoy enfrentan las consecuencias de una crisis econ\u00f3mica nacional agravada por pol\u00edticas insensibles al impacto que estas tienen en las familias trabajadoras\u201d, afirm\u00f3 el legislador.<\/p>\n\n\n\n<p>Seg\u00fan explic\u00f3, esta medida permitir\u00e1 subsidiar el 100% del Valor Agregado de Distribuci\u00f3n (VAD) en la tarifa el\u00e9ctrica, aliviando significativamente la carga econ\u00f3mica de los hogares electrodependientes de la provincia.<\/p>\n\n\n\n<p><strong>Un esfuerzo provincial ante el desamparo nacional<\/strong><\/p>\n\n\n\n<p>Rom\u00e1n subray\u00f3 que esta decisi\u00f3n refleja la sensibilidad social del Gobierno provincial al priorizar la protecci\u00f3n de los formose\u00f1os frente a las pol\u00edticas de ajuste que, en palabras del gobernador Insfr\u00e1n, han generado aumentos desproporcionados en los precios de la energ\u00eda.<\/p>\n\n\n\n<p>\u201cMientras en otras jurisdicciones se imponen aumentos que superan el 3000%, en Formosa, el gobernador elige sostener la equidad y la dignidad de las familias a trav\u00e9s de un esfuerzo econ\u00f3mico sin precedentes\u201d, destac\u00f3.<\/p>\n\n\n\n<p>El subsidio, que regir\u00e1 desde el 1 de diciembre de 2024 hasta el 31 de marzo de 2025, representar\u00e1 una inversi\u00f3n mensual superior a los $1.400 millones, financiados \u00edntegramente con recursos provinciales. Esta iniciativa beneficiar\u00e1 a m\u00e1s del 90% de los usuarios residenciales de Formosa, especialmente a los 82.459 hogares de bajos ingresos (N2) y 24.460 de ingresos medios (N3) que consuman hasta 700 kw\/h mensuales.<\/p>\n\n\n\n<p><strong>Justicia social y cuidado de los sectores m\u00e1s vulnerables<\/strong><\/p>\n\n\n\n<p>Para el diputado Rom\u00e1n, esta medida es un claro ejemplo de justicia social en acci\u00f3n. \u201cEn un contexto donde las altas temperaturas y la electrodependencia son una realidad en nuestra provincia, esta decisi\u00f3n garantiza que las familias no tengan que elegir entre cubrir sus necesidades b\u00e1sicas o pagar una factura de electricidad\u201d, dijo.<\/p>\n\n\n\n<p>Adem\u00e1s, destac\u00f3 que Formosa mantiene uno de los costos m\u00e1s bajos del pa\u00eds en el VAD y no aplica tributos provinciales al servicio el\u00e9ctrico, evidenciando el compromiso con la equidad y el bienestar general.<\/p>\n\n\n\n<p>Rom\u00e1n tambi\u00e9n se\u00f1al\u00f3 la importancia de la reforma del programa de subsidios en medio de la paralizaci\u00f3n de obras estrat\u00e9gicas para el sistema energ\u00e9tico provincial, producto de recortes nacionales. \u201cMientras otros recortan y miran hacia otro lado, en Formosa se demuestra que es posible proteger los derechos fundamentales y construir un modelo inclusivo\u201d, enfatiz\u00f3.<\/p>\n\n\n\n<p><strong>Un llamado a la reflexi\u00f3n nacional<\/strong><\/p>\n\n\n\n<p>El legislador inst\u00f3 a las autoridades nacionales a reflexionar sobre las pol\u00edticas energ\u00e9ticas que impactan desproporcionadamente en las provincias del norte argentino.<\/p>\n\n\n\n<p>\u201cEs inadmisible que Formosa deba enfrentar sola los efectos de un tarifazo que no contempla nuestra realidad clim\u00e1tica ni econ\u00f3mica. El Gobierno Nacional deber\u00eda tomar como ejemplo este esfuerzo provincial y replantear medidas que solo generan m\u00e1s desigualdad\u201d, reclam\u00f3.<\/p>\n\n\n\n<p>Rom\u00e1n destac\u00f3 que esta pol\u00edtica provincial no solo protege la econom\u00eda familiar, sino que tambi\u00e9n refuerza el Modelo Formose\u00f1o de inclusi\u00f3n y desarrollo, liderado por Gildo Insfr\u00e1n.<\/p>\n\n\n\n<p>\u201cEste es el camino que garantiza un futuro m\u00e1s justo para todos los formose\u00f1os y formose\u00f1as. Hoy m\u00e1s que nunca, debemos defenderlo\u201d, concluy\u00f3.<\/p>\n","protected":false},"excerpt":{"rendered":"<p>El diputado provincial y presidente de la Comisi\u00f3n de Asuntos Econ\u00f3micos de la Legislatura, Jorge Rom\u00e1n, expres\u00f3 su respaldo y reconocimiento a la medida anunciada por el gobernador Gildo Insfr\u00e1n, quien a trav\u00e9s del Decreto 7\/25 dispuso ampliar los subsidios a la energ\u00eda para beneficiar a m\u00e1s de 106 mil usuarios residenciales de bajos y [&hellip;]<\/p>\n","protected":false},"author":11,"featured_media":64759,"comment_status":"closed","ping_status":"closed","sticky":false,"template":"","format":"standard","meta":{"footnotes":""},"categories":[21],"tags":[],"class_list":["post-64755","post","type-post","status-publish","format-standard","has-post-thumbnail","hentry","category-provinciales"],"_links":{"self":[{"href":"http:\/\/informeformosa.com.ar\/index.php?rest_route=\/wp\/v2\/posts\/64755","targetHints":{"allow":["GET"]}}],"collection":[{"href":"http:\/\/informeformosa.com.ar\/index.php?rest_route=\/wp\/v2\/posts"}],"about":[{"href":"http:\/\/informeformosa.com.ar\/index.php?rest_route=\/wp\/v2\/types\/post"}],"author":[{"embeddable":true,"href":"http:\/\/informeformosa.com.ar\/index.php?rest_route=\/wp\/v2\/users\/11"}],"replies":[{"embeddable":true,"href":"http:\/\/informeformosa.com.ar\/index.php?rest_route=%2Fwp%2Fv2%2Fcomments&post=64755"}],"version-history":[{"count":1,"href":"http:\/\/informeformosa.com.ar\/index.php?rest_route=\/wp\/v2\/posts\/64755\/revisions"}],"predecessor-version":[{"id":64760,"href":"http:\/\/informeformosa.com.ar\/index.php?rest_route=\/wp\/v2\/posts\/64755\/revisions\/64760"}],"wp:featuredmedia":[{"embeddable":true,"href":"http:\/\/informeformosa.com.ar\/index.php?rest_route=\/wp\/v2\/media\/64759"}],"wp:attachment":[{"href":"http:\/\/informeformosa.com.ar\/index.php?rest_route=%2Fwp%2Fv2%2Fmedia&parent=64755"}],"wp:term":[{"taxonomy":"category","embeddable":true,"href":"http:\/\/informeformosa.com.ar\/index.php?rest_route=%2Fwp%2Fv2%2Fcategories&post=64755"},{"taxonomy":"post_tag","embeddable":true,"href":"http:\/\/informeformosa.com.ar\/index.php?rest_route=%2Fwp%2Fv2%2Ftags&post=64755"}],"curies":[{"name":"wp","href":"https:\/\/api.w.org\/{rel}","templated":true}]}}