{"id":64202,"date":"2024-10-11T14:01:00","date_gmt":"2024-10-11T17:01:00","guid":{"rendered":"http:\/\/informeformosa.com.ar\/?p=64202"},"modified":"2024-10-12T02:28:20","modified_gmt":"2024-10-12T05:28:20","slug":"todo-listo-en-laguna-blanca-para-el-inicio-de-la-fiesta-nacional-del-pomelo","status":"publish","type":"post","link":"http:\/\/informeformosa.com.ar\/?p=64202","title":{"rendered":"Todo listo en Laguna Blanca para el inicio de la Fiesta Nacional del Pomelo\u00a0"},"content":{"rendered":"\n<p><em>El gobernador Insfr\u00e1n dejar\u00e1 oficialmente inaugurada la propuesta, que tendr\u00e1 lugar los d\u00edas s\u00e1bado 12 y domingo 13.<\/em><\/p>\n\n\n\n<p>El Gobierno de la provincia de Formosa, a trav\u00e9s del Ministerio de Turismo y la Municipalidad de Laguna Blanca dar\u00e1 apertura oficial a la XL Fiesta Nacional del Pomelo, con una ceremonia a realizarse el s\u00e1bado 12 a partir de las 18.45 horas.<\/p>\n\n\n\n<p>Ser\u00e1 el gobernador Gildo Insfr\u00e1n quien encabece el acto, en el predio ferial \u201cPolideportivo Municipal Evita\u201d de esa localidad, donde se ultiman los detalles para vivir un gran fin de semana festivo.<\/p>\n\n\n\n<p>Con entrada libre y gratuita, habr\u00e1 espect\u00e1culos musicales con la actuaci\u00f3n de Las Pelotas, Luck Ra, Los Charros, \u00c1ngelo Aranda y Hern\u00e1n Arias, la elecci\u00f3n de la embajadora de la Fiesta Nacional del Pomelo, todo ser\u00e1 transmitido por la Red Formose\u00f1a de Medios de Comunicaci\u00f3n Audiovisual.<\/p>\n\n\n\n<p>Como es tradicional, se habilitar\u00e1 la expo feria gastron\u00f3mica, artesanal, institucional y comercial, adem\u00e1s de actividades recreativas y deportivas, play\u00f3n de juegos para ni\u00f1os, doma y jineteada.<\/p>\n\n\n\n<p>La Fiesta del Pomelo nace en el a\u00f1o 1972, es decir, hace 52 a\u00f1os, en la localidad de Laguna Blanca, pero por motivos hist\u00f3ricos no se efectu\u00f3 durante algunos a\u00f1os y, por eso, en el a\u00f1o 2024 se celebra la edici\u00f3n n\u00famero 40 del festival.&nbsp;<\/p>\n\n\n\n<p>Las primeras fiestas fueron organizadas por los integrantes de la cooperadora escolar de la Escuela de Frontera N\u00b0 6, y duraba una semana. El desarrollo de este evento ha contribuido a lo largo del tiempo a la preservaci\u00f3n y puesta en valor de la identidad local, el folklore, los recursos hist\u00f3ricos, culturales y art\u00edsticos, reafirmando la pertenencia de las personas a la comunidad.&nbsp;<\/p>\n\n\n\n<p>Adem\u00e1s, la Fiesta del Pomelo ha generado un gran impacto de crecimiento en la econom\u00eda local, por lo que en el a\u00f1o 2004, el gobernador de la provincia, el doctor Insfr\u00e1n, le da un gran impulso con la creaci\u00f3n de una gran exposici\u00f3n provincial de agricultura, industria, comercio y servicios, con el objeto de difundir el potencial tur\u00edstico, productivo y comercial del norte de Formosa.&nbsp;<\/p>\n\n\n\n<p>Por su gran crecimiento, se la empieza a considerar Fiesta Nacional en 2006, aunque la Resoluci\u00f3n 150\/13 del Ministerio de Turismo de Naci\u00f3n se firma reci\u00e9n en 2013. Para dar el marco adecuado al evento, se acondicion\u00f3 el predio de 15 hect\u00e1reas del Polideportivo Municipal \u201cEvita\u201d, que cuenta con las instalaciones necesarias para recibir la visita de miles de personas.<\/p>\n\n\n\n<p>Mediante una expo feria se da a conocer el trabajo de los peque\u00f1os y medianos productores formose\u00f1os, los emprendimientos agr\u00edcolas ganaderos e industriales, las ofertas tecnol\u00f3gicas aplicadas al sector de la producci\u00f3n, la ganader\u00eda, la frutihorticultura, la granja, el turismo, las artesan\u00edas, las instituciones, los organismos, el comercio, los servicios y la gastronom\u00eda de la regi\u00f3n.&nbsp;<\/p>\n\n\n\n<p>Cuenta, adem\u00e1s, con actividades recreativas, tur\u00edsticas, culturales, informativas y tambi\u00e9n artistas de renombre.&nbsp;<\/p>\n\n\n\n<p>La Fiesta Nacional del Pomelo tiene tres himnos tradicionales que se reproducen en cada apertura del festival de m\u00fasica, acompa\u00f1ados por un cuadro art\u00edstico del Ballet de Laguna Blanca. \u201cVengan formose\u00f1os\u201d es una de estas canciones, del compositor Marco Antonio Ben\u00edtez de Laguna Blanca. Fue creada en la d\u00e9cada del \u201880 y su letra sigue siendo especial porque invita a los formose\u00f1os que viven fuera de su tierra a volver al pago.<\/p>\n\n\n\n<p>Hay varios momentos tradicionales durante la Fiesta Nacional del Pomelo, uno de ellos es el espect\u00e1culo de apertura del festival de m\u00fasica, en el que se lucen los bailarines del Ballet Municipal de Laguna Blanca, formado por ni\u00f1os, j\u00f3venes y adultos. M\u00e1s de cien lagunenses de diferentes edades ensayan durante mucho tiempo para brindar un cuadro art\u00edstico de gran nivel.<\/p>\n\n\n\n<p><strong>Expectativas<\/strong><\/p>\n\n\n\n<p>La <strong><em>Agencia de Noticias Formosa<\/em><\/strong> (AGENFOR) dialog\u00f3 con el intendente lagunense Ricardo Lemos, quien coment\u00f3 que este a\u00f1o el lugar donde tendr\u00e1 lugar la Fiesta tuvo una ampliaci\u00f3n y agreg\u00f3 que \u201csomos muy agradecidos a este modelo de provincia que, a trav\u00e9s de la conducci\u00f3n pol\u00edtica del gobernador Insfr\u00e1n, nos permiti\u00f3 a todos los formose\u00f1os, que tenga la relevancia, en erigirse como uno de los eventos m\u00e1s importantes del Litoral argentino\u201d.<\/p>\n\n\n\n<p>Agradeci\u00f3 el esfuerzo del Gobierno provincial en hacer una importante inversi\u00f3n para que \u201ctengamos una fiesta como nos merecemos todos\u201d.<\/p>\n\n\n\n<p>Tuvo palabras de agradecimiento tambi\u00e9n para todos los organismos, funcionarios, diputados provinciales y emprendedores que aportaron su granito de arena para que se viva una verdadera fiesta nacional.<\/p>\n\n\n\n<p>Coment\u00f3 que este a\u00f1o, el crecimiento demogr\u00e1fico de Laguna Blanca, a ra\u00edz de la puesta en marcha de las carreras de Enfermer\u00eda y Medicina en la Universidad Provincial de Laguna Blanca (UPLaB), demand\u00f3 mayores esfuerzos para conseguir hospedaje a todas las personas que se movilizar\u00e1n hacia all\u00ed, y destac\u00f3 que en esta tarea colaboraron los vecinos, poniendo a disposici\u00f3n alquileres para los visitantes.<\/p>\n\n\n\n<p>Finalmente, Lemos invit\u00f3 a la comunidad a visitar Laguna Blanca, para disfrutar de todo lo que ofrece la localidad y particularmente esta fiesta, durante dos jornadas.<\/p>\n","protected":false},"excerpt":{"rendered":"<p>El gobernador Insfr\u00e1n dejar\u00e1 oficialmente inaugurada la propuesta, que tendr\u00e1 lugar los d\u00edas s\u00e1bado 12 y domingo 13. El Gobierno de la provincia de Formosa, a trav\u00e9s del Ministerio de Turismo y la Municipalidad de Laguna Blanca dar\u00e1 apertura oficial a la XL Fiesta Nacional del Pomelo, con una ceremonia a realizarse el s\u00e1bado 12 [&hellip;]<\/p>\n","protected":false},"author":11,"featured_media":64207,"comment_status":"closed","ping_status":"closed","sticky":false,"template":"","format":"standard","meta":{"footnotes":""},"categories":[19],"tags":[],"class_list":["post-64202","post","type-post","status-publish","format-standard","has-post-thumbnail","hentry","category-turismo"],"_links":{"self":[{"href":"http:\/\/informeformosa.com.ar\/index.php?rest_route=\/wp\/v2\/posts\/64202","targetHints":{"allow":["GET"]}}],"collection":[{"href":"http:\/\/informeformosa.com.ar\/index.php?rest_route=\/wp\/v2\/posts"}],"about":[{"href":"http:\/\/informeformosa.com.ar\/index.php?rest_route=\/wp\/v2\/types\/post"}],"author":[{"embeddable":true,"href":"http:\/\/informeformosa.com.ar\/index.php?rest_route=\/wp\/v2\/users\/11"}],"replies":[{"embeddable":true,"href":"http:\/\/informeformosa.com.ar\/index.php?rest_route=%2Fwp%2Fv2%2Fcomments&post=64202"}],"version-history":[{"count":1,"href":"http:\/\/informeformosa.com.ar\/index.php?rest_route=\/wp\/v2\/posts\/64202\/revisions"}],"predecessor-version":[{"id":64208,"href":"http:\/\/informeformosa.com.ar\/index.php?rest_route=\/wp\/v2\/posts\/64202\/revisions\/64208"}],"wp:featuredmedia":[{"embeddable":true,"href":"http:\/\/informeformosa.com.ar\/index.php?rest_route=\/wp\/v2\/media\/64207"}],"wp:attachment":[{"href":"http:\/\/informeformosa.com.ar\/index.php?rest_route=%2Fwp%2Fv2%2Fmedia&parent=64202"}],"wp:term":[{"taxonomy":"category","embeddable":true,"href":"http:\/\/informeformosa.com.ar\/index.php?rest_route=%2Fwp%2Fv2%2Fcategories&post=64202"},{"taxonomy":"post_tag","embeddable":true,"href":"http:\/\/informeformosa.com.ar\/index.php?rest_route=%2Fwp%2Fv2%2Ftags&post=64202"}],"curies":[{"name":"wp","href":"https:\/\/api.w.org\/{rel}","templated":true}]}}