{"id":61672,"date":"2023-10-16T23:17:13","date_gmt":"2023-10-17T02:17:13","guid":{"rendered":"http:\/\/informeformosa.com.ar\/?p=61672"},"modified":"2023-10-16T23:17:14","modified_gmt":"2023-10-17T02:17:14","slug":"el-plan-provincial-alimentario-nutrir-celebro-su-quinto-aniversario","status":"publish","type":"post","link":"http:\/\/informeformosa.com.ar\/?p=61672","title":{"rendered":"El Plan Provincial Alimentario Nutrir celebr\u00f3 su quinto aniversario\u00a0"},"content":{"rendered":"\n<p><em>Esta pol\u00edtica implementada a partir del 16 de octubre de 2018, pionera a nivel nacional, permite que cerca de 18 mil familias accedan a una alimentaci\u00f3n adecuada, al mismo tiempo que le otorga un rol fundamental en ello a cientos de peque\u00f1os productores paipperos de todo el territorio provincial.<\/em><\/p>\n\n\n\n<p>Se trata de una audaz decisi\u00f3n pol\u00edtica del gobernador Gildo Insfr\u00e1n, que ha llevado a que las familias formose\u00f1as paipperas se conviertan en agentes activos de su propio crecimiento y desarrollo, al producir alimentos de calidad en sus propias tierras, con el objetivo fundamental de hacer llegar productos frescos y de excelente valor nutricional a las familias que m\u00e1s lo necesitan.<\/p>\n\n\n\n<p>Con su implementaci\u00f3n se ha logrado crear un perfecto c\u00edrculo virtuoso de amor y solidaridad, en el que los propios formose\u00f1os se convierten en los protagonistas de la alimentaci\u00f3n de sus comprovincianos.<\/p>\n\n\n\n<p>De esta manera, como resultado de una gesti\u00f3n pol\u00edtica basada en la justicia social, la equidad y la solidaridad, el plan alimentario promueve la soberan\u00eda alimentaria y la concepci\u00f3n de comunidad organizada.<\/p>\n\n\n\n<p>Al respecto, la ministra de la Comunidad, Gloria Gim\u00e9nez, expres\u00f3: \u201cNutrir ha demostrado que cuando nos unimos como comunidad y trabajamos juntos por un objetivo com\u00fan, somos capaces de transformar realidades y mejorar la vida de quienes m\u00e1s lo necesitan\u201d.&nbsp;<\/p>\n\n\n\n<p>Se\u00f1al\u00f3 que \u201cgracias a Nutrir, peque\u00f1as familias paipperas han experimentado un cambio significativo en sus vidas, reafirmando conocimientos sobre t\u00e9cnicas agr\u00edcolas sostenibles y emprendiendo proyectos productivos que generan ingresos econ\u00f3micos para mejorar su calidad de vida, al comercializar sus productos con el Estado provincial a un precio justo\u201d.&nbsp;<\/p>\n\n\n\n<p>Pero Nutrir no se limita solo a la producci\u00f3n de alimentos, marc\u00f3, destacando que \u201ceste plan provincial a la vez busca que familias vulnerables tengan acceso a una alimentaci\u00f3n segura, adecuada y nutritiva\u201d.&nbsp;<\/p>\n\n\n\n<p>Es por ello que \u201cse han creado espacios para compartir, de capacitaci\u00f3n y formaci\u00f3n, promoviendo en ellas la nutrici\u00f3n saludable y el aprovechamiento de los productos recibidos\u201d agreg\u00f3 la funcionaria.<\/p>\n\n\n\n<p>Asimismo, subray\u00f3 que \u201cno podemos pasar por alto el papel fundamental que desempe\u00f1an las y los trabajadores de Nutrir, quienes garantizan que los productos lleguen en tiempo y forma a la mesa de las familias formose\u00f1as\u201d.<\/p>\n\n\n\n<p>Y resalt\u00f3 que titulares del programa Potenciar Trabajo, estibadores, repartidores, personas abocadas a recibir y poner en condiciones los alimentos en el Parque industrial, como as\u00ed tambi\u00e9n responsables y personal en los centros de distribuci\u00f3n, \u201cconforman un valioso equipo, cuyo compromiso y esfuerzo diario son imprescindibles para que el alimento no falte en los hogares que m\u00e1s lo necesitan\u201d.<\/p>\n\n\n\n<p>Por todo esto y con motivo de este quinto aniversario, la ministra Gim\u00e9nez dedic\u00f3 \u201cun saludo afectuoso y un profundo agradecimiento a todos los que conforman los distintos eslabones de Nutrir, ya que su dedicaci\u00f3n es fundamental para el \u00e9xito de este plan y para mejorar la calidad de vida de tantas familias formose\u00f1as\u201d, finaliz\u00f3.&nbsp;<\/p>\n","protected":false},"excerpt":{"rendered":"<p>Esta pol\u00edtica implementada a partir del 16 de octubre de 2018, pionera a nivel nacional, permite que cerca de 18 mil familias accedan a una alimentaci\u00f3n adecuada, al mismo tiempo que le otorga un rol fundamental en ello a cientos de peque\u00f1os productores paipperos de todo el territorio provincial. Se trata de una audaz decisi\u00f3n [&hellip;]<\/p>\n","protected":false},"author":11,"featured_media":61675,"comment_status":"closed","ping_status":"closed","sticky":false,"template":"","format":"standard","meta":{"footnotes":""},"categories":[2],"tags":[],"class_list":["post-61672","post","type-post","status-publish","format-standard","has-post-thumbnail","hentry","category-locales"],"_links":{"self":[{"href":"http:\/\/informeformosa.com.ar\/index.php?rest_route=\/wp\/v2\/posts\/61672","targetHints":{"allow":["GET"]}}],"collection":[{"href":"http:\/\/informeformosa.com.ar\/index.php?rest_route=\/wp\/v2\/posts"}],"about":[{"href":"http:\/\/informeformosa.com.ar\/index.php?rest_route=\/wp\/v2\/types\/post"}],"author":[{"embeddable":true,"href":"http:\/\/informeformosa.com.ar\/index.php?rest_route=\/wp\/v2\/users\/11"}],"replies":[{"embeddable":true,"href":"http:\/\/informeformosa.com.ar\/index.php?rest_route=%2Fwp%2Fv2%2Fcomments&post=61672"}],"version-history":[{"count":1,"href":"http:\/\/informeformosa.com.ar\/index.php?rest_route=\/wp\/v2\/posts\/61672\/revisions"}],"predecessor-version":[{"id":61676,"href":"http:\/\/informeformosa.com.ar\/index.php?rest_route=\/wp\/v2\/posts\/61672\/revisions\/61676"}],"wp:featuredmedia":[{"embeddable":true,"href":"http:\/\/informeformosa.com.ar\/index.php?rest_route=\/wp\/v2\/media\/61675"}],"wp:attachment":[{"href":"http:\/\/informeformosa.com.ar\/index.php?rest_route=%2Fwp%2Fv2%2Fmedia&parent=61672"}],"wp:term":[{"taxonomy":"category","embeddable":true,"href":"http:\/\/informeformosa.com.ar\/index.php?rest_route=%2Fwp%2Fv2%2Fcategories&post=61672"},{"taxonomy":"post_tag","embeddable":true,"href":"http:\/\/informeformosa.com.ar\/index.php?rest_route=%2Fwp%2Fv2%2Ftags&post=61672"}],"curies":[{"name":"wp","href":"https:\/\/api.w.org\/{rel}","templated":true}]}}