{"id":61660,"date":"2023-10-15T23:24:58","date_gmt":"2023-10-16T02:24:58","guid":{"rendered":"http:\/\/informeformosa.com.ar\/?p=61660"},"modified":"2023-10-15T23:24:59","modified_gmt":"2023-10-16T02:24:59","slug":"pusieron-en-marcha-la-quinta-edicion-de-una-muestra-en-el-museo","status":"publish","type":"post","link":"http:\/\/informeformosa.com.ar\/?p=61660","title":{"rendered":"Pusieron en marcha la quinta edici\u00f3n de \u201cUna Muestra en el Museo\u201d"},"content":{"rendered":"\n<p>Con un acto llevado a cabo el pasado mi\u00e9rcoles 11, qued\u00f3 inaugurada la quinta edici\u00f3n de \u201cUna Muestra en el Museo\u201d, actividad organizada por la Direcci\u00f3n de Patrimonio Cultural, organismo dependiente de la subsecretaria de Cultura de la provincia.<\/p>\n\n\n\n<p>Con la tem\u00e1tica \u201cLa mujer tal cual es\u201d, en esta oportunidad se trata de una exposici\u00f3n de artistas que concurren al Taller de Exposici\u00f3n Art\u00edstica T.E.A, a cargo de la licenciada en artes visuales, Lourdes Atencia.<\/p>\n\n\n\n<p>Asistieron a la ceremonia de inauguraci\u00f3n de la muestra en el Sal\u00f3n Auditorio del Museo Hist\u00f3rico Regional Juan Pablo Duffard la directora de Patrimonio Cultural Graciela Buiatti, los artistas expositores e invitados.<\/p>\n\n\n\n<p>La muestra tendr\u00e1 una duraci\u00f3n de un mes y podr\u00e1 visitarse de 8 a 12 horas y de 16 a 20 horas, mientras que los fines de semana, ser\u00e1 en horario vespertino.<\/p>\n\n\n\n<p>En la oportunidad adem\u00e1s hubo una presentaci\u00f3n musical de los alumnos del Instituto Superior de Arte \u201cOscar Alberto Albertazzi\u201d a cargo del profesor Roberto Tubaro.<\/p>\n\n\n\n<p>Exponen los artistas Marita Ba\u00eda, Lourdes Atencia, Nancy Saucedo, Laura Esteban, Sof\u00eda Hamernik, Lela Rovira, Gonzalo Bareiro, Katy Torrano, Augusto Montoya, Lidia Sbardella, Mar\u00eda Leonor Laffue, Ana Mar\u00eda Garay y Juan Pablo Nu\u00f1ez.<\/p>\n\n\n\n<p>En di\u00e1logo con <strong>Agenfor<\/strong> la directora Buiatti se\u00f1al\u00f3 que la tem\u00e1tica de esta muestra es la mujer, en el mes de las madres. \u201cNosotros estamos recibiendo a los artistas formose\u00f1os para que se conozcan, para que el pueblo formose\u00f1o pueda conocer sus artistas\u201d enfatiz\u00f3 la funcionaria.<\/p>\n\n\n\n<p>Adem\u00e1s adelant\u00f3 que en el mes de noviembre se realizar\u00e1 un desfile utilizando las galer\u00edas del museo hist\u00f3rico como pasarela, para revalorizar el uso de la sombrilla, de los sombreros y capelinas.&nbsp; \u201cEl museo trabaja, tiene abiertas las puertas durante todos los d\u00edas, los fines de semana, los d\u00edas feriados y la idea es, no solamente resguardar objetos, documentos, fotograf\u00edas, sino tambi\u00e9n usar el sal\u00f3n de exposici\u00f3n para esto, para la presentaci\u00f3n de libros, para las reuniones, para los encuentros\u201d.<\/p>\n\n\n\n<p>Por su parte la titular de TEA Lourdes Atencia agradeci\u00f3 la oportunidad de participar junto a sus alumnos de esta muestra que tiene como tem\u00e1tica la mujer y c\u00f3mo cada artista la ve desde su particularidad.&nbsp;<\/p>\n\n\n\n<p>\u201cA esta muestra la elaboramos pensando en una tem\u00e1tica que es la mujer tal cual es, porque hay tanta controversia con relaci\u00f3n en este momento de la mujer como debe ser, entonces cada una trabaj\u00f3 la mujer como la ve y como debe ser para cada persona\u201d explic\u00f3.<\/p>\n","protected":false},"excerpt":{"rendered":"<p>Con un acto llevado a cabo el pasado mi\u00e9rcoles 11, qued\u00f3 inaugurada la quinta edici\u00f3n de \u201cUna Muestra en el Museo\u201d, actividad organizada por la Direcci\u00f3n de Patrimonio Cultural, organismo dependiente de la subsecretaria de Cultura de la provincia. Con la tem\u00e1tica \u201cLa mujer tal cual es\u201d, en esta oportunidad se trata de una exposici\u00f3n [&hellip;]<\/p>\n","protected":false},"author":11,"featured_media":61670,"comment_status":"closed","ping_status":"closed","sticky":false,"template":"","format":"standard","meta":{"footnotes":""},"categories":[10],"tags":[],"class_list":["post-61660","post","type-post","status-publish","format-standard","has-post-thumbnail","hentry","category-cultura"],"_links":{"self":[{"href":"http:\/\/informeformosa.com.ar\/index.php?rest_route=\/wp\/v2\/posts\/61660","targetHints":{"allow":["GET"]}}],"collection":[{"href":"http:\/\/informeformosa.com.ar\/index.php?rest_route=\/wp\/v2\/posts"}],"about":[{"href":"http:\/\/informeformosa.com.ar\/index.php?rest_route=\/wp\/v2\/types\/post"}],"author":[{"embeddable":true,"href":"http:\/\/informeformosa.com.ar\/index.php?rest_route=\/wp\/v2\/users\/11"}],"replies":[{"embeddable":true,"href":"http:\/\/informeformosa.com.ar\/index.php?rest_route=%2Fwp%2Fv2%2Fcomments&post=61660"}],"version-history":[{"count":1,"href":"http:\/\/informeformosa.com.ar\/index.php?rest_route=\/wp\/v2\/posts\/61660\/revisions"}],"predecessor-version":[{"id":61671,"href":"http:\/\/informeformosa.com.ar\/index.php?rest_route=\/wp\/v2\/posts\/61660\/revisions\/61671"}],"wp:featuredmedia":[{"embeddable":true,"href":"http:\/\/informeformosa.com.ar\/index.php?rest_route=\/wp\/v2\/media\/61670"}],"wp:attachment":[{"href":"http:\/\/informeformosa.com.ar\/index.php?rest_route=%2Fwp%2Fv2%2Fmedia&parent=61660"}],"wp:term":[{"taxonomy":"category","embeddable":true,"href":"http:\/\/informeformosa.com.ar\/index.php?rest_route=%2Fwp%2Fv2%2Fcategories&post=61660"},{"taxonomy":"post_tag","embeddable":true,"href":"http:\/\/informeformosa.com.ar\/index.php?rest_route=%2Fwp%2Fv2%2Ftags&post=61660"}],"curies":[{"name":"wp","href":"https:\/\/api.w.org\/{rel}","templated":true}]}}