{"id":61651,"date":"2023-10-15T23:19:46","date_gmt":"2023-10-16T02:19:46","guid":{"rendered":"http:\/\/informeformosa.com.ar\/?p=61651"},"modified":"2023-10-15T23:19:54","modified_gmt":"2023-10-16T02:19:54","slug":"nuestra-salud-publica-es-un-orgullo-porque-contamos-con-todo-lo-necesario-destaco-medica-cardiologa","status":"publish","type":"post","link":"http:\/\/informeformosa.com.ar\/?p=61651","title":{"rendered":"\u201cNuestra salud p\u00fablica es un orgullo, porque contamos con todo lo necesario\u201d, destac\u00f3 m\u00e9dica cardi\u00f3loga"},"content":{"rendered":"\n<p><em>La m\u00e9dica cardi\u00f3loga del Hospital Interdistrital Evita, la doctora Liza Wenetz, se refiri\u00f3 a la importancia de los cuidados preventivos de las personas que sufren problemas cardiovasculares e hizo hincapi\u00e9 especialmente en aquellas que adem\u00e1s cuentan con una enfermedad oncol\u00f3gica.&nbsp;<\/em><\/p>\n\n\n\n<p>Inici\u00f3 remarcando que \u201chay que tener en cuenta que la enfermedad cr\u00f3nica cardiovascular es una de las principales causas de muerte a nivel mundial\u201d y debido a ello indic\u00f3 que \u201cpor eso, la prevenci\u00f3n es el pilar fundamental en esta patolog\u00eda, como en cualquier otra\u201d.&nbsp;<\/p>\n\n\n\n<p>En este contexto, en primera instancia, destac\u00f3 \u201cla salud p\u00fablica provincial, la cual nos permite trabajar en red desde el primer nivel de atenci\u00f3n hasta el \u00faltimo\u201d.&nbsp;<\/p>\n\n\n\n<p>\u201cGracias a ello el paciente se encuentra contenido en una forma multidisciplinaria, ya que es atendido por profesionales de otras ramas y, por supuesto, por su onc\u00f3logo de cabecera\u201d, explic\u00f3.<\/p>\n\n\n\n<p>Y a\u00f1adi\u00f3: \u201cDependiendo del riesgo cardiovascular del paciente se le pide ciertos estudios y estos son acompa\u00f1ados por asistencia psicol\u00f3gica, de nutrici\u00f3n, de actividad f\u00edsica, del servicio de kinesiolog\u00eda y todo en un solo lugar, permiti\u00e9ndole as\u00ed estar contenido y controlado para sobrellevar la enfermedad\u201d.<\/p>\n\n\n\n<p>Asimismo, profundiz\u00f3 en que \u201caquellos que cuenten con alguna otra enfermedad de base, como hipertensi\u00f3n, diabetes, obesidad, no deben tener miedo, pero s\u00ed mayores cuidados en el tr\u00e1nsito de recibir determinados tratamientos de quimioterapia\u201d.&nbsp;<\/p>\n\n\n\n<p>La m\u00e9dica aclar\u00f3 que \u201crequieren de un control previo al inicio y posterior al tratamiento a modo de prevenci\u00f3n, es decir, un acompa\u00f1amiento m\u00e1s asistido en la parte cardiol\u00f3gica con chequeos m\u00e1s peri\u00f3dicos, controles de peso m\u00e1s exigentes y actividad f\u00edsica acorde a la edad y sexo\u201d.<\/p>\n\n\n\n<p>En este punto, remarc\u00f3 que es importante saber que \u201ccada paciente y patolog\u00eda es individual\u201d y por ello indic\u00f3 que \u201ccomo en cualquier enfermedad cr\u00f3nica son importantes la correcci\u00f3n de los factores de riesgos, como por ejemplo no fumar, no tomar alcohol en excesos, realizar actividad f\u00edsica y tener tiempo de descanso y ocio\u201d.&nbsp;&nbsp;<\/p>\n\n\n\n<p>\u201cNuestra salud p\u00fablica es un orgullo, porque contamos con todo lo necesario para que el paciente tenga su enfoque global, los estudios requeridos desde un electrocardiograma hasta un ecocardiograma de \u00faltima generaci\u00f3n\u201d, celebr\u00f3.<\/p>\n\n\n\n<p>En esta l\u00ednea, Wenetz record\u00f3 que \u201cel a\u00f1o pasado recibimos un ec\u00f3grafo de \u00faltima generaci\u00f3n que nos permite la realizaci\u00f3n de estudios muy detallados de la funci\u00f3n card\u00edaca, y esto es gracias a la pol\u00edtica sanitaria que tenemos en la provincia y que nos permite contar con lo necesario para poder resolver y dar respuesta a esta patolog\u00eda de manera gratuita\u201d.<\/p>\n\n\n\n<p>\u201cSon pocos los hospitales del pa\u00eds que cuentan con este equipamiento que realiza este estudio de manera gratuita y con profesionales que de forma constante est\u00e1n capacit\u00e1ndose\u201d, cerr\u00f3.<\/p>\n","protected":false},"excerpt":{"rendered":"<p>La m\u00e9dica cardi\u00f3loga del Hospital Interdistrital Evita, la doctora Liza Wenetz, se refiri\u00f3 a la importancia de los cuidados preventivos de las personas que sufren problemas cardiovasculares e hizo hincapi\u00e9 especialmente en aquellas que adem\u00e1s cuentan con una enfermedad oncol\u00f3gica.&nbsp; Inici\u00f3 remarcando que \u201chay que tener en cuenta que la enfermedad cr\u00f3nica cardiovascular es una [&hellip;]<\/p>\n","protected":false},"author":11,"featured_media":61655,"comment_status":"closed","ping_status":"closed","sticky":false,"template":"","format":"standard","meta":{"footnotes":""},"categories":[12],"tags":[],"class_list":["post-61651","post","type-post","status-publish","format-standard","has-post-thumbnail","hentry","category-salud"],"_links":{"self":[{"href":"http:\/\/informeformosa.com.ar\/index.php?rest_route=\/wp\/v2\/posts\/61651","targetHints":{"allow":["GET"]}}],"collection":[{"href":"http:\/\/informeformosa.com.ar\/index.php?rest_route=\/wp\/v2\/posts"}],"about":[{"href":"http:\/\/informeformosa.com.ar\/index.php?rest_route=\/wp\/v2\/types\/post"}],"author":[{"embeddable":true,"href":"http:\/\/informeformosa.com.ar\/index.php?rest_route=\/wp\/v2\/users\/11"}],"replies":[{"embeddable":true,"href":"http:\/\/informeformosa.com.ar\/index.php?rest_route=%2Fwp%2Fv2%2Fcomments&post=61651"}],"version-history":[{"count":1,"href":"http:\/\/informeformosa.com.ar\/index.php?rest_route=\/wp\/v2\/posts\/61651\/revisions"}],"predecessor-version":[{"id":61656,"href":"http:\/\/informeformosa.com.ar\/index.php?rest_route=\/wp\/v2\/posts\/61651\/revisions\/61656"}],"wp:featuredmedia":[{"embeddable":true,"href":"http:\/\/informeformosa.com.ar\/index.php?rest_route=\/wp\/v2\/media\/61655"}],"wp:attachment":[{"href":"http:\/\/informeformosa.com.ar\/index.php?rest_route=%2Fwp%2Fv2%2Fmedia&parent=61651"}],"wp:term":[{"taxonomy":"category","embeddable":true,"href":"http:\/\/informeformosa.com.ar\/index.php?rest_route=%2Fwp%2Fv2%2Fcategories&post=61651"},{"taxonomy":"post_tag","embeddable":true,"href":"http:\/\/informeformosa.com.ar\/index.php?rest_route=%2Fwp%2Fv2%2Ftags&post=61651"}],"curies":[{"name":"wp","href":"https:\/\/api.w.org\/{rel}","templated":true}]}}