{"id":60715,"date":"2023-07-13T12:01:00","date_gmt":"2023-07-13T15:01:00","guid":{"rendered":"http:\/\/informeformosa.com.ar\/?p=60715"},"modified":"2023-07-14T00:51:31","modified_gmt":"2023-07-14T03:51:31","slug":"insfran-inauguro-la-epep-n-95-y-se-reunio-con-la-comunidad-pilaga-de-el-simbolar","status":"publish","type":"post","link":"http:\/\/informeformosa.com.ar\/?p=60715","title":{"rendered":"Insfr\u00e1n inaugur\u00f3 la EPEP N\u00b0 95 y se reuni\u00f3 con la comunidad pilag\u00e1 de El Simbolar"},"content":{"rendered":"\n<p>Durante su recorrida por el interior provincial, este jueves 13 por la ma\u00f1ana, el gobernador Gildo Insfr\u00e1n inaugur\u00f3 la Escuela Provincial de Educaci\u00f3n Primaria (EPEP) N\u00b0 95 de El Simbolar. Esta unidad refaccionada que corresponde a la Delegaci\u00f3n Zonal de Las Lomitas, representa la obra educativa n\u00famero 1484 en lo que va de su gesti\u00f3n.&nbsp;<\/p>\n\n\n\n<p>El mandatario realiz\u00f3 el tradicional corte de cintas y el descubrimiento de placa del establecimiento de Educaci\u00f3n Intercultural Biling\u00fce (EIB), junto a la comunidad Pilag\u00e1 que habita esa zona del interior provincial.&nbsp;<\/p>\n\n\n\n<p>Lo hizo acompa\u00f1ado del vicegobernador Eber Sol\u00eds, el jefe de Gabinete de Ministros, Antonio Ferreira, el ministro de Cultura y Educaci\u00f3n, Luis Basterra, entre otros funcionarios provinciales y comunales.<\/p>\n\n\n\n<p>El predio del establecimiento que ocupa 2500,00 metros cuadrados fue intervenido 378,85 metros cuadrados. La arquitectura del edificio es de tipo tradicional con mamposter\u00eda de ladrillos comunes pisos de mosaicos gran\u00edticos, carpinter\u00edas de aluminio, cielorrasos de tablillas de PVC y aplicados bajo losa, cubierta de chapa galvanizada trapezoidal color azul.<\/p>\n\n\n\n<p>\u201cEsta nueva infraestructura beneficiar\u00e1 a los estudiantes y docentes de la instituci\u00f3n con r\u00e9gimen de jornada completa\u201d, subray\u00f3 el Gobernador.&nbsp;<\/p>\n\n\n\n<p>Y avanz\u00f3 destacando que \u201ccon esta obra alcanzamos las 1484 unidades educativas inauguradas en nuestra gesti\u00f3n\u201d, resaltando ello como \u201cun gran logro de todo el pueblo formose\u00f1o, que ha decidido priorizar la educaci\u00f3n como herramienta central para alcanzar la igualdad de oportunidades en todo el territorio\u201d.&nbsp;<\/p>\n\n\n\n<p>\u201cEl Modelo Formose\u00f1o, con pol\u00edticas integrales, avanza en el camino del desarrollo, con crecimiento inclusivo, garantizando la l\u00ednea de vida para todos los comprovincianos y las comprovincianas\u201d, afirm\u00f3 Insfr\u00e1n, que tras la habilitaci\u00f3n de la obra educativa se reuni\u00f3 con la comunidad local.<\/p>\n\n\n\n<p>Cabe se\u00f1alar que la jornada de actividades e inauguraciones inici\u00f3 en horas tempranas con la visita a los reservorios de agua de la futura planta de agua potable para las comunidades de la etnia pilag\u00e1 de Km 19, Km 30 y Campo del Cielo sobre la Ruta Provincial N\u00b0 28.&nbsp;<\/p>\n\n\n\n<p>El sistema se encuentra en un 48% de avance y la planta, que tendr\u00e1 una capacidad de 1.080.000 metros c\u00fabicos por d\u00eda, al 65%.&nbsp;<\/p>\n","protected":false},"excerpt":{"rendered":"<p>Durante su recorrida por el interior provincial, este jueves 13 por la ma\u00f1ana, el gobernador Gildo Insfr\u00e1n inaugur\u00f3 la Escuela Provincial de Educaci\u00f3n Primaria (EPEP) N\u00b0 95 de El Simbolar. Esta unidad refaccionada que corresponde a la Delegaci\u00f3n Zonal de Las Lomitas, representa la obra educativa n\u00famero 1484 en lo que va de su gesti\u00f3n.&nbsp; [&hellip;]<\/p>\n","protected":false},"author":11,"featured_media":60722,"comment_status":"closed","ping_status":"closed","sticky":false,"template":"","format":"standard","meta":{"footnotes":""},"categories":[11],"tags":[],"class_list":["post-60715","post","type-post","status-publish","format-standard","has-post-thumbnail","hentry","category-interior"],"_links":{"self":[{"href":"http:\/\/informeformosa.com.ar\/index.php?rest_route=\/wp\/v2\/posts\/60715","targetHints":{"allow":["GET"]}}],"collection":[{"href":"http:\/\/informeformosa.com.ar\/index.php?rest_route=\/wp\/v2\/posts"}],"about":[{"href":"http:\/\/informeformosa.com.ar\/index.php?rest_route=\/wp\/v2\/types\/post"}],"author":[{"embeddable":true,"href":"http:\/\/informeformosa.com.ar\/index.php?rest_route=\/wp\/v2\/users\/11"}],"replies":[{"embeddable":true,"href":"http:\/\/informeformosa.com.ar\/index.php?rest_route=%2Fwp%2Fv2%2Fcomments&post=60715"}],"version-history":[{"count":1,"href":"http:\/\/informeformosa.com.ar\/index.php?rest_route=\/wp\/v2\/posts\/60715\/revisions"}],"predecessor-version":[{"id":60723,"href":"http:\/\/informeformosa.com.ar\/index.php?rest_route=\/wp\/v2\/posts\/60715\/revisions\/60723"}],"wp:featuredmedia":[{"embeddable":true,"href":"http:\/\/informeformosa.com.ar\/index.php?rest_route=\/wp\/v2\/media\/60722"}],"wp:attachment":[{"href":"http:\/\/informeformosa.com.ar\/index.php?rest_route=%2Fwp%2Fv2%2Fmedia&parent=60715"}],"wp:term":[{"taxonomy":"category","embeddable":true,"href":"http:\/\/informeformosa.com.ar\/index.php?rest_route=%2Fwp%2Fv2%2Fcategories&post=60715"},{"taxonomy":"post_tag","embeddable":true,"href":"http:\/\/informeformosa.com.ar\/index.php?rest_route=%2Fwp%2Fv2%2Ftags&post=60715"}],"curies":[{"name":"wp","href":"https:\/\/api.w.org\/{rel}","templated":true}]}}