{"id":60714,"date":"2023-07-13T12:00:00","date_gmt":"2023-07-13T15:00:00","guid":{"rendered":"http:\/\/informeformosa.com.ar\/?p=60714"},"modified":"2023-07-14T00:22:08","modified_gmt":"2023-07-14T03:22:08","slug":"el-gobernador-recorrio-las-represas-que-abastecen-de-agua-a-comunidades-de-la-ruta-provincial-n-28","status":"publish","type":"post","link":"http:\/\/informeformosa.com.ar\/?p=60714","title":{"rendered":"El Gobernador recorri\u00f3 las represas que abastecen de agua a comunidades de la Ruta Provincial N\u00b0 28"},"content":{"rendered":"\n<p><em>Acompa\u00f1ado por funcionarios, productores y vecinos de la zona.<\/em><\/p>\n\n\n\n<p>En el inicio de una extensa jornada que lo tendr\u00e1 como protagonista este jueves 13, el gobernador Gildo Insfr\u00e1n lleg\u00f3 a Campo del Cielo para supervisar las obras que el Gobierno provincial lleva adelante para garantizar agua a las poblaciones de la Ruta Provincial N\u00b0 28.<\/p>\n\n\n\n<p>En la zona ya existe un reservorio y se construye otro \u2013con un avance de obra del 60%- para abastecer a las comunidades de Campo del Cielo, Kil\u00f3metro 19 y Kil\u00f3metro 30, ambos con fondos del Tesoro Provincial.<\/p>\n\n\n\n<p>El primer mandatario provincial lleg\u00f3 acompa\u00f1ado por el vicegobernador Eber Sol\u00eds, ministros del Poder Ejecutivo, el intendente de Las Lomitas Atilio Basualdo, como tambi\u00e9n el administrador de la Direcci\u00f3n General de Vialidad, Javier Caffa, el administrador del Servicio Provincial de Agua Potable, Julio Vargas Yegros, el coordinador ejecutivo de la Unidad Provincial Coordinadora del Agua (UPCA), Horacio Zamb\u00f3n, entre otros.<\/p>\n\n\n\n<p>Al explicar el trabajo que lleva adelante el Gobierno provincial en la zona, Caffa se\u00f1al\u00f3 que el primero de los reservorios se construy\u00f3 como reserva de agua cruda para la nueva planta de agua potable que se est\u00e1 construyendo para abastecer a las comunidades de Campo del Cielo, Km 19 y Km 30 con una capacidad de 56 mil metros c\u00fabicos.<\/p>\n\n\n\n<p>Y a tres kil\u00f3metros al norte de esa ubicaci\u00f3n, avanza la construcci\u00f3n de otro reservorio mayor, de 36 hect\u00e1reas, que tendr\u00e1 \u201cuna capacidad de reserva superior al mill\u00f3n de metros c\u00fabicos que se utilizar\u00e1 para reserva de agua cruda para la planta, pero tambi\u00e9n a futuro para la planta de Las Lomitas\u201d.<\/p>\n\n\n\n<p>\u201cAmbos reservorios est\u00e1n sobre el Ba\u00f1ado La Estrella, se hace un bombeo tanto del Canal Rivira o del Canal Otero, que permite cargarlos con agua\u201d, explic\u00f3 el ingeniero.<\/p>\n\n\n\n<p>Insisti\u00f3 en se\u00f1alar que \u201centre los dos tendr\u00e1n m\u00e1s de un mill\u00f3n cien mil metros c\u00fabicos, con un horizonte de crecimiento superior a los 25 a\u00f1os, la idea es tener, cuando bajen las aguas del Ba\u00f1ado, suficiente reserva de agua dulce para abastecer a las plantas de agua potable\u201d.<\/p>\n\n\n\n<p>\u201cSabemos la importancia que tiene el agua dulce, para la poblaci\u00f3n, al mismo tiempo tambi\u00e9n para los emprendimientos productivos, que el Ba\u00f1ado La Estrella es nuestro gran reservorio de agua dulce, lo que hace que junto a nuestro sistema de manejo de recursos h\u00eddricos conformado por el Canal Rivira ac\u00e1, permitir\u00e1 suplir con todas las necesidades y abastecer a todas las comunidades a lo largo de la Ruta Provincial N\u00b0 28\u201d, precis\u00f3.<\/p>\n\n\n\n<p>En tanto, el presidente de la asociaci\u00f3n de productores \u201c6 de Enero\u201d, Ram\u00f3n Echaz\u00fa, se\u00f1al\u00f3 a AGENFOR que vecinos de la zona valoran las obras que encara el Gobierno provincial para garantizar agua tanto para la producci\u00f3n como para el consumo, en \u00e9poca de sequ\u00eda.<\/p>\n\n\n\n<p>Dijo adem\u00e1s que avanza la conformaci\u00f3n de asociaciones de productores a lo largo de la RP 28, quienes en forma continua reciben asesoramiento del Gobierno de Formosa, como tambi\u00e9n insumos para fortalecer al sector.<\/p>\n","protected":false},"excerpt":{"rendered":"<p>Acompa\u00f1ado por funcionarios, productores y vecinos de la zona. En el inicio de una extensa jornada que lo tendr\u00e1 como protagonista este jueves 13, el gobernador Gildo Insfr\u00e1n lleg\u00f3 a Campo del Cielo para supervisar las obras que el Gobierno provincial lleva adelante para garantizar agua a las poblaciones de la Ruta Provincial N\u00b0 28. [&hellip;]<\/p>\n","protected":false},"author":11,"featured_media":60720,"comment_status":"closed","ping_status":"closed","sticky":false,"template":"","format":"standard","meta":{"footnotes":""},"categories":[11],"tags":[],"class_list":["post-60714","post","type-post","status-publish","format-standard","has-post-thumbnail","hentry","category-interior"],"_links":{"self":[{"href":"http:\/\/informeformosa.com.ar\/index.php?rest_route=\/wp\/v2\/posts\/60714","targetHints":{"allow":["GET"]}}],"collection":[{"href":"http:\/\/informeformosa.com.ar\/index.php?rest_route=\/wp\/v2\/posts"}],"about":[{"href":"http:\/\/informeformosa.com.ar\/index.php?rest_route=\/wp\/v2\/types\/post"}],"author":[{"embeddable":true,"href":"http:\/\/informeformosa.com.ar\/index.php?rest_route=\/wp\/v2\/users\/11"}],"replies":[{"embeddable":true,"href":"http:\/\/informeformosa.com.ar\/index.php?rest_route=%2Fwp%2Fv2%2Fcomments&post=60714"}],"version-history":[{"count":1,"href":"http:\/\/informeformosa.com.ar\/index.php?rest_route=\/wp\/v2\/posts\/60714\/revisions"}],"predecessor-version":[{"id":60721,"href":"http:\/\/informeformosa.com.ar\/index.php?rest_route=\/wp\/v2\/posts\/60714\/revisions\/60721"}],"wp:featuredmedia":[{"embeddable":true,"href":"http:\/\/informeformosa.com.ar\/index.php?rest_route=\/wp\/v2\/media\/60720"}],"wp:attachment":[{"href":"http:\/\/informeformosa.com.ar\/index.php?rest_route=%2Fwp%2Fv2%2Fmedia&parent=60714"}],"wp:term":[{"taxonomy":"category","embeddable":true,"href":"http:\/\/informeformosa.com.ar\/index.php?rest_route=%2Fwp%2Fv2%2Fcategories&post=60714"},{"taxonomy":"post_tag","embeddable":true,"href":"http:\/\/informeformosa.com.ar\/index.php?rest_route=%2Fwp%2Fv2%2Ftags&post=60714"}],"curies":[{"name":"wp","href":"https:\/\/api.w.org\/{rel}","templated":true}]}}