{"id":60713,"date":"2023-07-13T12:00:00","date_gmt":"2023-07-13T15:00:00","guid":{"rendered":"http:\/\/informeformosa.com.ar\/?p=60713"},"modified":"2023-07-14T00:18:46","modified_gmt":"2023-07-14T03:18:46","slug":"resaltan-el-aumento-de-las-becas-progresar-anunciada-por-el-ministro-de-economia-sergio-massa","status":"publish","type":"post","link":"http:\/\/informeformosa.com.ar\/?p=60713","title":{"rendered":"Resaltan el aumento de las Becas Progresar anunciada por el ministro de Econom\u00eda, Sergio Massa"},"content":{"rendered":"\n<p><em>La convocatoria para el mes de agosto se adelant\u00f3 y comienza este viernes 14 de julio y se extiende hasta el 31 de agosto.<\/em><\/p>\n\n\n\n<p>Este mi\u00e9rcoles 12, el ministro de Econom\u00eda de la Naci\u00f3n, Sergio Massa, anunci\u00f3 que a partir del mes de agosto el monto de las Becas Progresar para estudiantes aumentar\u00e1 de 13 mil a 20 mil pesos, lo que representa un incremento superior al 50%.<\/p>\n\n\n\n<p>Al respecto, la referente provincial de Becas Progresar en Formosa, la profesora Alejandra Pernochi, celebr\u00f3 este incremento y estim\u00f3 a AGENFOR que \u201ctiene un valor significativo para los estudiantes que la cobran\u201d.&nbsp;<\/p>\n\n\n\n<p>En este punto, record\u00f3 que \u201ces una beca de acompa\u00f1amiento para las trayectorias estudiantiles\u201d y que est\u00e1 destinada a \u201calumnos de los niveles obligatorios (primaria de adulto y secundaria) entre 16 a 24 a\u00f1os, a los de Nivel Superior (terciario, no universitario, universitario y Enfermer\u00eda), como as\u00ed tambi\u00e9n, para los beneficiarios de Progresar Trabajo que realizan cursos de Formaci\u00f3n Profesional.<\/p>\n\n\n\n<p>Aqu\u00ed, record\u00f3 que \u201cpara acceder a esta beca deben tener entre 18 y 24 a\u00f1os cumplidos y se extiende hasta 35 para las personas con hijas\/os menores de 18 a\u00f1os pertenecientes a hogares monoparentales y, hasta 40 a\u00f1os, para los que no poseen trabajo formal registrado\u201d.<\/p>\n\n\n\n<p>Cabe aclarar que \u201ces sin l\u00edmite de edad para personas trans, de pueblos ind\u00edgenas, con discapacidad o refugiadas\u201d y a\u00f1adi\u00f3 que \u201cla suma de los ingresos de la\/el joven no debe ser superior a tres Salarios M\u00ednimos, Vitales y M\u00f3viles (SMVM)\u201d.<\/p>\n\n\n\n<p>Respecto del monto a cobrar, indic\u00f3 que es mensual y los que se inscribieron en marzo perciben un total de 12 cuotas, mientras que para los que se suman en la segunda convocatoria, son seis.<\/p>\n\n\n\n<p><strong>Convocatoria<\/strong><\/p>\n\n\n\n<p>\u201cLa convocatoria para el mes de agosto se adelant\u00f3 y comienza este viernes 14 de julio y se extiende hasta el 31 de agosto\u201d, inform\u00f3 Pernochi y adem\u00e1s, explic\u00f3 que \u201clos que no se pudieron inscribirse en marzo porque lo hicieron mal o tuvieron alg\u00fan motivo de rechazo, pueden volver a hacerlo ahora\u201d.<\/p>\n\n\n\n<p>A su vez, aclar\u00f3 que aquellos alumnos que se inscribieron y que les sal\u00eda la leyenda de \u201cen evaluaci\u00f3n\u201d, deben \u201cacercarse a las oficinas de ANSeS para actualizar sus datos, porque muchos estaban desactualizados y por ese motivo todav\u00eda no pudieron ser aceptados como beneficiarios\u201d.<\/p>\n\n\n\n<p>En tanto, se\u00f1al\u00f3 que los de Progresar Trabajo \u201ctienen tiempo de hacerlo hasta el 30 de noviembre\u201d.<\/p>\n\n\n\n<p><strong>Inscripci\u00f3n<\/strong><\/p>\n\n\n\n<p>En cuanto a la inscripci\u00f3n, inform\u00f3 que deben ingresar a <a href=\"https:\/\/www.argentina.gob.ar\/educacion\/progresar\">https:\/\/www.argentina.gob.ar\/educacion\/progresar<\/a>, luego dirigirse a la l\u00ednea de inscripci\u00f3n que corresponda a su nivel, los que cuenten con usuario y contrase\u00f1a deben ingresan con sus datos y los que no, registrarse\u201d.<\/p>\n\n\n\n<p>\u201cPara crear una cuenta tienen que dirigirse a la parte derecha superior en donde dice usuario nuevo, all\u00ed le pedir\u00e1 una serie de datos que deber\u00e1n ser completados y luego generar la clave. Una vez que ingresan en la primera pesta\u00f1a tendr\u00e1n que completar todos los datos personales\u201d, detall\u00f3 y aclar\u00f3 que \u201cen el caso de estar estudiando en contexto de encierro, le pedir\u00e1n un apoderado para que pueda cobrar la beca\u201d.<\/p>\n\n\n\n<p>Por \u00faltimo, precis\u00f3 que la beca \u201ces compatible con la Asignaci\u00f3n Universal por Hijo\u201d y apunt\u00f3 que \u201csolamente no lo es con otra beca nacional o quien supere tres SMVM\u201d.<\/p>\n\n\n\n<p>Finalmente, Pernochi declaro a esta Agencia que \u201chasta el mes pasado en Formosa hab\u00eda 36 mil j\u00f3venes beneficiarios con las distintas l\u00edneas de Becas Progresar\u201d.<\/p>\n","protected":false},"excerpt":{"rendered":"<p>La convocatoria para el mes de agosto se adelant\u00f3 y comienza este viernes 14 de julio y se extiende hasta el 31 de agosto. Este mi\u00e9rcoles 12, el ministro de Econom\u00eda de la Naci\u00f3n, Sergio Massa, anunci\u00f3 que a partir del mes de agosto el monto de las Becas Progresar para estudiantes aumentar\u00e1 de 13 [&hellip;]<\/p>\n","protected":false},"author":11,"featured_media":60717,"comment_status":"closed","ping_status":"closed","sticky":false,"template":"","format":"standard","meta":{"footnotes":""},"categories":[6],"tags":[],"class_list":["post-60713","post","type-post","status-publish","format-standard","has-post-thumbnail","hentry","category-nacionales"],"_links":{"self":[{"href":"http:\/\/informeformosa.com.ar\/index.php?rest_route=\/wp\/v2\/posts\/60713","targetHints":{"allow":["GET"]}}],"collection":[{"href":"http:\/\/informeformosa.com.ar\/index.php?rest_route=\/wp\/v2\/posts"}],"about":[{"href":"http:\/\/informeformosa.com.ar\/index.php?rest_route=\/wp\/v2\/types\/post"}],"author":[{"embeddable":true,"href":"http:\/\/informeformosa.com.ar\/index.php?rest_route=\/wp\/v2\/users\/11"}],"replies":[{"embeddable":true,"href":"http:\/\/informeformosa.com.ar\/index.php?rest_route=%2Fwp%2Fv2%2Fcomments&post=60713"}],"version-history":[{"count":1,"href":"http:\/\/informeformosa.com.ar\/index.php?rest_route=\/wp\/v2\/posts\/60713\/revisions"}],"predecessor-version":[{"id":60718,"href":"http:\/\/informeformosa.com.ar\/index.php?rest_route=\/wp\/v2\/posts\/60713\/revisions\/60718"}],"wp:featuredmedia":[{"embeddable":true,"href":"http:\/\/informeformosa.com.ar\/index.php?rest_route=\/wp\/v2\/media\/60717"}],"wp:attachment":[{"href":"http:\/\/informeformosa.com.ar\/index.php?rest_route=%2Fwp%2Fv2%2Fmedia&parent=60713"}],"wp:term":[{"taxonomy":"category","embeddable":true,"href":"http:\/\/informeformosa.com.ar\/index.php?rest_route=%2Fwp%2Fv2%2Fcategories&post=60713"},{"taxonomy":"post_tag","embeddable":true,"href":"http:\/\/informeformosa.com.ar\/index.php?rest_route=%2Fwp%2Fv2%2Ftags&post=60713"}],"curies":[{"name":"wp","href":"https:\/\/api.w.org\/{rel}","templated":true}]}}