{"id":60702,"date":"2023-07-12T12:53:00","date_gmt":"2023-07-12T15:53:00","guid":{"rendered":"http:\/\/informeformosa.com.ar\/?p=60702"},"modified":"2023-07-13T01:09:24","modified_gmt":"2023-07-13T04:09:24","slug":"en-mojon-de-fierro-se-festeja-la-proxima-visita-de-insfran-para-el-opngt","status":"publish","type":"post","link":"http:\/\/informeformosa.com.ar\/?p=60702","title":{"rendered":"En Moj\u00f3n de Fierro se festeja la pr\u00f3xima visita de Insfr\u00e1n para el OPNGT"},"content":{"rendered":"\n<p>La reuni\u00f3n con la comunidad de Moj\u00f3n de Fierro y Boca Riacho Pilag\u00e1, de cara a la realizaci\u00f3n del operativo solidario \u201cPor Nuestra Gente, Todo\u201d, se desarroll\u00f3 este mi\u00e9rcoles 12, en horas de la ma\u00f1ana.<\/p>\n\n\n\n<p>Encabezaron el encuentro las autoridades provinciales, quienes escucharon las inquietudes de los vecinos y vecinas, adem\u00e1s a docentes y directivos escolares, entre otros actores.<\/p>\n\n\n\n<p>En ese contexto, la directora de la Escuela Provincial de Educaci\u00f3n Primaria de Frontera N\u00b0 2 \u201cProvincia de Formosa\u201d, de Moj\u00f3n de Fierro, Agustina Gonz\u00e1lez, dijo a AGENFOR que \u201cla sensaci\u00f3n de toda la comunidad es de expectativa\u201d por el pr\u00f3ximo operativo solidario que encabezar\u00e1 el gobernador Gildo Insfr\u00e1n.<\/p>\n\n\n\n<p>Precisamente, en dicho establecimiento tendr\u00e1 lugar el OPNGT, en simult\u00e1neo con la Escuela Provincial de Educaci\u00f3n Primaria de Frontera N\u00b0 15 de Boca Riacho Pilag\u00e1, tal lo planificado para este s\u00e1bado 15.&nbsp;&nbsp;&nbsp;&nbsp;<\/p>\n\n\n\n<p>El gobernador Insfr\u00e1n, acompa\u00f1ado por la comitiva oficial, presidir\u00e1 el acto que ya es una caracter\u00edstica distintiva en cada una de las visitas de esta pol\u00edtica en la que se gestionan cada vez m\u00e1s servicios de manera gratuita.<\/p>\n\n\n\n<p>Adem\u00e1s de esto, se tienen en cuenta las demandas de la comunidad, como arreglos en la escuela. \u201cDesde pintura hasta cuestiones de limpieza de aires acondicionados\u201d, entre otros arreglos, se\u00f1al\u00f3 la directora.&nbsp;<\/p>\n\n\n\n<p>Entonces, enfatiz\u00f3: \u201cEstamos aguardando la llegada del Gobernador para agradecerle todo lo que hace por la comunidad de Moj\u00f3n de Fierro, como a lo largo y ancho de la provincia de Formosa\u201d.<\/p>\n\n\n\n<p>En el mismo sentido, se expres\u00f3 ante la Agencia Edgardo David Brizuela, presidente de la comisi\u00f3n cooperadora de la EPEPF N\u00b0 2: \u201cLa comunidad educativa est\u00e1 contenta con esta visita del gobernador Insfr\u00e1n\u201d.<\/p>\n\n\n\n<p>\u201cEs un festejo para todos nosotros\u201d por \u201cla magnitud de su figura\u201d para Moj\u00f3n de Fierro, \u201cun pueblo chiquito y tranquilo\u201d que vive con total alegr\u00eda la pr\u00f3xima visita del primer mandatario del s\u00e1bado.<\/p>\n","protected":false},"excerpt":{"rendered":"<p>La reuni\u00f3n con la comunidad de Moj\u00f3n de Fierro y Boca Riacho Pilag\u00e1, de cara a la realizaci\u00f3n del operativo solidario \u201cPor Nuestra Gente, Todo\u201d, se desarroll\u00f3 este mi\u00e9rcoles 12, en horas de la ma\u00f1ana. Encabezaron el encuentro las autoridades provinciales, quienes escucharon las inquietudes de los vecinos y vecinas, adem\u00e1s a docentes y directivos [&hellip;]<\/p>\n","protected":false},"author":11,"featured_media":60703,"comment_status":"closed","ping_status":"closed","sticky":false,"template":"","format":"standard","meta":{"footnotes":""},"categories":[11],"tags":[],"class_list":["post-60702","post","type-post","status-publish","format-standard","has-post-thumbnail","hentry","category-interior"],"_links":{"self":[{"href":"http:\/\/informeformosa.com.ar\/index.php?rest_route=\/wp\/v2\/posts\/60702","targetHints":{"allow":["GET"]}}],"collection":[{"href":"http:\/\/informeformosa.com.ar\/index.php?rest_route=\/wp\/v2\/posts"}],"about":[{"href":"http:\/\/informeformosa.com.ar\/index.php?rest_route=\/wp\/v2\/types\/post"}],"author":[{"embeddable":true,"href":"http:\/\/informeformosa.com.ar\/index.php?rest_route=\/wp\/v2\/users\/11"}],"replies":[{"embeddable":true,"href":"http:\/\/informeformosa.com.ar\/index.php?rest_route=%2Fwp%2Fv2%2Fcomments&post=60702"}],"version-history":[{"count":1,"href":"http:\/\/informeformosa.com.ar\/index.php?rest_route=\/wp\/v2\/posts\/60702\/revisions"}],"predecessor-version":[{"id":60704,"href":"http:\/\/informeformosa.com.ar\/index.php?rest_route=\/wp\/v2\/posts\/60702\/revisions\/60704"}],"wp:featuredmedia":[{"embeddable":true,"href":"http:\/\/informeformosa.com.ar\/index.php?rest_route=\/wp\/v2\/media\/60703"}],"wp:attachment":[{"href":"http:\/\/informeformosa.com.ar\/index.php?rest_route=%2Fwp%2Fv2%2Fmedia&parent=60702"}],"wp:term":[{"taxonomy":"category","embeddable":true,"href":"http:\/\/informeformosa.com.ar\/index.php?rest_route=%2Fwp%2Fv2%2Fcategories&post=60702"},{"taxonomy":"post_tag","embeddable":true,"href":"http:\/\/informeformosa.com.ar\/index.php?rest_route=%2Fwp%2Fv2%2Ftags&post=60702"}],"curies":[{"name":"wp","href":"https:\/\/api.w.org\/{rel}","templated":true}]}}