{"id":60699,"date":"2023-07-07T22:41:06","date_gmt":"2023-07-08T01:41:06","guid":{"rendered":"http:\/\/informeformosa.com.ar\/?p=60699"},"modified":"2023-07-07T22:41:06","modified_gmt":"2023-07-08T01:41:06","slug":"todo-listo-para-el-opngt-este-sabado-en-el-barrio-juan-domingo-peron","status":"publish","type":"post","link":"http:\/\/informeformosa.com.ar\/?p=60699","title":{"rendered":"Todo listo para el OPNGT, este s\u00e1bado en el barrio Juan Domingo Per\u00f3n"},"content":{"rendered":"\n<p>El operativo integral y solidario tendr\u00e1 su epicentro de atenciones en la EPEP N\u00b0 147 \u201cEstado de Israel\u201d, ubicada en el barrio Juan Domingo Per\u00f3n de la ciudad de Formosa, pero con un amplio radio de cobertura para los vecinos de la Jurisdicci\u00f3n Cinco.<\/p>\n\n\n\n<p>Este viernes 7 ya tuvieron lugar algunas de las actividades previas al operativo, que se llevar\u00e1 a cabo el s\u00e1bado 8, desde las 8 de la ma\u00f1ana.<\/p>\n\n\n\n<p>Es as\u00ed que el Programa Soberan\u00eda Alimentaria se instal\u00f3 frente a la escuela con la variedad de ofertas que acerca esta propuesta del Gobierno de la provincia, y por la tarde se realizar\u00e1 el tradicional bingo con presencia de la comunidad.<\/p>\n\n\n\n<p>El coordinador del OPNGT, Hugo Garc\u00eda, se\u00f1al\u00f3 a AGENFOR que \u201cdesde las 7.30 de la ma\u00f1ana estuvimos con Soberan\u00eda Alimentaria\u201d, marcando que \u201cfue un momento importante para el barrio, no s\u00f3lo por los precios a los que accedieron, sino los productos que trae este programa, que cada vez son m\u00e1s e interesantes en cuanto al precio, en el marco de la econom\u00eda del pa\u00eds\u201d.<\/p>\n\n\n\n<p>Sobre el d\u00eda s\u00e1bado, evento central del operativo, confirm\u00f3 que contar\u00e1 con la presencia del gobernador Gildo Insfr\u00e1n. \u201cAdem\u00e1s estamos organizando todo el trabajo de armado de los stands de los Ministerios, es una tarea m\u00faltiple, un equipo extraordinario de este operativo que trabaja todas las semanas\u201d, subray\u00f3.<\/p>\n\n\n\n<p>Se\u00f1al\u00f3 el edil que a pedido de los vecinos se enripiaron calles de la zona, se avanz\u00f3 tambi\u00e9n con los puntos lum\u00ednicos, como tambi\u00e9n continuar\u00e1n algunas tareas m\u00e1s, durante el fin de semana.<\/p>\n\n\n\n<p>\u201cEl barrio nos recibi\u00f3 muy bien; creo que la ratificaci\u00f3n del Gobernador en las elecciones, ratifica su pol\u00edtica, el Modelo y el respaldo que tiene de su pueblo\u201d, enfatiz\u00f3.<\/p>\n\n\n\n<p>Record\u00f3 Garc\u00eda que se trata del \u00fanico operativo que \u201cda respuesta en forma inmediata, desde hace 25 a\u00f1os, todos los s\u00e1bados, en distintos barrios, comunidades y pueblos\u201d.<\/p>\n","protected":false},"excerpt":{"rendered":"<p>El operativo integral y solidario tendr\u00e1 su epicentro de atenciones en la EPEP N\u00b0 147 \u201cEstado de Israel\u201d, ubicada en el barrio Juan Domingo Per\u00f3n de la ciudad de Formosa, pero con un amplio radio de cobertura para los vecinos de la Jurisdicci\u00f3n Cinco. Este viernes 7 ya tuvieron lugar algunas de las actividades previas [&hellip;]<\/p>\n","protected":false},"author":11,"featured_media":60700,"comment_status":"closed","ping_status":"closed","sticky":false,"template":"","format":"standard","meta":{"footnotes":""},"categories":[2],"tags":[],"class_list":["post-60699","post","type-post","status-publish","format-standard","has-post-thumbnail","hentry","category-locales"],"_links":{"self":[{"href":"http:\/\/informeformosa.com.ar\/index.php?rest_route=\/wp\/v2\/posts\/60699","targetHints":{"allow":["GET"]}}],"collection":[{"href":"http:\/\/informeformosa.com.ar\/index.php?rest_route=\/wp\/v2\/posts"}],"about":[{"href":"http:\/\/informeformosa.com.ar\/index.php?rest_route=\/wp\/v2\/types\/post"}],"author":[{"embeddable":true,"href":"http:\/\/informeformosa.com.ar\/index.php?rest_route=\/wp\/v2\/users\/11"}],"replies":[{"embeddable":true,"href":"http:\/\/informeformosa.com.ar\/index.php?rest_route=%2Fwp%2Fv2%2Fcomments&post=60699"}],"version-history":[{"count":1,"href":"http:\/\/informeformosa.com.ar\/index.php?rest_route=\/wp\/v2\/posts\/60699\/revisions"}],"predecessor-version":[{"id":60701,"href":"http:\/\/informeformosa.com.ar\/index.php?rest_route=\/wp\/v2\/posts\/60699\/revisions\/60701"}],"wp:featuredmedia":[{"embeddable":true,"href":"http:\/\/informeformosa.com.ar\/index.php?rest_route=\/wp\/v2\/media\/60700"}],"wp:attachment":[{"href":"http:\/\/informeformosa.com.ar\/index.php?rest_route=%2Fwp%2Fv2%2Fmedia&parent=60699"}],"wp:term":[{"taxonomy":"category","embeddable":true,"href":"http:\/\/informeformosa.com.ar\/index.php?rest_route=%2Fwp%2Fv2%2Fcategories&post=60699"},{"taxonomy":"post_tag","embeddable":true,"href":"http:\/\/informeformosa.com.ar\/index.php?rest_route=%2Fwp%2Fv2%2Ftags&post=60699"}],"curies":[{"name":"wp","href":"https:\/\/api.w.org\/{rel}","templated":true}]}}