{"id":60692,"date":"2023-07-07T22:38:10","date_gmt":"2023-07-08T01:38:10","guid":{"rendered":"http:\/\/informeformosa.com.ar\/?p=60692"},"modified":"2023-07-07T22:38:10","modified_gmt":"2023-07-08T01:38:10","slug":"insfran-celebro-nueva-interconexion-electrica-binacional-desde-formosa","status":"publish","type":"post","link":"http:\/\/informeformosa.com.ar\/?p=60692","title":{"rendered":"Insfr\u00e1n celebr\u00f3 nueva interconexi\u00f3n el\u00e9ctrica binacional desde Formosa"},"content":{"rendered":"\n<p><\/p>\n\n\n\n<p>\u201cCelebramos la inclusi\u00f3n de Formosa en el nuevo proyecto de interconexi\u00f3n el\u00e9ctrica binacional de extra alta tensi\u00f3n en 500kV entre la Rep\u00fablica Argentina y la hermana Rep\u00fablica del Paraguay\u201d, subray\u00f3 el gobernador de la provincia, Gildo Insfr\u00e1n.<\/p>\n\n\n\n<p>Hizo notar que como resultado de permanentes gestiones ante el Gobierno Nacional y en el marco de las reuniones del Norte Grande, \u201clogramos la inclusi\u00f3n del proyecto de interconexi\u00f3n en extra alta tensi\u00f3n entre Villa Hayes (Paraguay) y Formosa en la Resoluci\u00f3n 562\/23 de la Secretar\u00eda de Energ\u00eda de la Naci\u00f3n\u201d.<\/p>\n\n\n\n<p>Este acto dispone la convocatoria a interesados a realizar manifestaciones de inter\u00e9s para gestionar y financiar o cofinanciar con otros interesados o con el Estado Nacional ampliaciones del Sistema de Transporte de Energ\u00eda El\u00e9ctrica en Alta Tensi\u00f3n, enfatiz\u00f3 el mandatario.<\/p>\n\n\n\n<p>Seg\u00fan destac\u00f3, \u201cesta obra afianzar\u00e1 nuestra posici\u00f3n estrat\u00e9gica en la regi\u00f3n, permitiendo la vinculaci\u00f3n en extra alta tensi\u00f3n con el sistema el\u00e9ctrico de Paraguay y de Brasil\u201d.<\/p>\n\n\n\n<p>A su vez, \u201cconsolidar\u00e1 nuestra matriz energ\u00e9tica y el flujo el\u00e9ctrico de calidad y en cantidad para profundizar el desarrollo econ\u00f3mico con inclusi\u00f3n social\u201d.<\/p>\n","protected":false},"excerpt":{"rendered":"<p>\u201cCelebramos la inclusi\u00f3n de Formosa en el nuevo proyecto de interconexi\u00f3n el\u00e9ctrica binacional de extra alta tensi\u00f3n en 500kV entre la Rep\u00fablica Argentina y la hermana Rep\u00fablica del Paraguay\u201d, subray\u00f3 el gobernador de la provincia, Gildo Insfr\u00e1n. Hizo notar que como resultado de permanentes gestiones ante el Gobierno Nacional y en el marco de las [&hellip;]<\/p>\n","protected":false},"author":11,"featured_media":60697,"comment_status":"closed","ping_status":"closed","sticky":false,"template":"","format":"standard","meta":{"footnotes":""},"categories":[6],"tags":[],"class_list":["post-60692","post","type-post","status-publish","format-standard","has-post-thumbnail","hentry","category-nacionales"],"_links":{"self":[{"href":"http:\/\/informeformosa.com.ar\/index.php?rest_route=\/wp\/v2\/posts\/60692","targetHints":{"allow":["GET"]}}],"collection":[{"href":"http:\/\/informeformosa.com.ar\/index.php?rest_route=\/wp\/v2\/posts"}],"about":[{"href":"http:\/\/informeformosa.com.ar\/index.php?rest_route=\/wp\/v2\/types\/post"}],"author":[{"embeddable":true,"href":"http:\/\/informeformosa.com.ar\/index.php?rest_route=\/wp\/v2\/users\/11"}],"replies":[{"embeddable":true,"href":"http:\/\/informeformosa.com.ar\/index.php?rest_route=%2Fwp%2Fv2%2Fcomments&post=60692"}],"version-history":[{"count":1,"href":"http:\/\/informeformosa.com.ar\/index.php?rest_route=\/wp\/v2\/posts\/60692\/revisions"}],"predecessor-version":[{"id":60698,"href":"http:\/\/informeformosa.com.ar\/index.php?rest_route=\/wp\/v2\/posts\/60692\/revisions\/60698"}],"wp:featuredmedia":[{"embeddable":true,"href":"http:\/\/informeformosa.com.ar\/index.php?rest_route=\/wp\/v2\/media\/60697"}],"wp:attachment":[{"href":"http:\/\/informeformosa.com.ar\/index.php?rest_route=%2Fwp%2Fv2%2Fmedia&parent=60692"}],"wp:term":[{"taxonomy":"category","embeddable":true,"href":"http:\/\/informeformosa.com.ar\/index.php?rest_route=%2Fwp%2Fv2%2Fcategories&post=60692"},{"taxonomy":"post_tag","embeddable":true,"href":"http:\/\/informeformosa.com.ar\/index.php?rest_route=%2Fwp%2Fv2%2Ftags&post=60692"}],"curies":[{"name":"wp","href":"https:\/\/api.w.org\/{rel}","templated":true}]}}