{"id":60690,"date":"2023-07-07T22:31:38","date_gmt":"2023-07-08T01:31:38","guid":{"rendered":"http:\/\/informeformosa.com.ar\/?p=60690"},"modified":"2023-07-07T22:31:39","modified_gmt":"2023-07-08T01:31:39","slug":"el-acto-central-por-el-207-aniversario-de-la-declaracion-de-la-independencia-sera-en-el-colorado","status":"publish","type":"post","link":"http:\/\/informeformosa.com.ar\/?p=60690","title":{"rendered":"El acto central por el 207\u00b0 aniversario de la Declaraci\u00f3n de la Independencia ser\u00e1 en El Colorado"},"content":{"rendered":"\n<p>El acto conmemorativo del 207\u00b0 aniversario de la Declaraci\u00f3n de la Independencia argentina tendr\u00e1 lugar este domingo 9 de julio en la localidad de El Colorado y ser\u00e1 presidido por el gobernador Gildo Insfr\u00e1n.<\/p>\n\n\n\n<p>En primer lugar, se realizar\u00e1 la ceremonia de izamiento del pabell\u00f3n nacional y la bandera de la provincia en el m\u00e1stil municipal de esa localidad del sur de la provincia, y luego un pasaje de desfile.<\/p>\n\n\n\n<p>A las 9.15 est\u00e1 previsto el inicio del acto central, con las autoridades presentes en el palco oficial emplazado en Avenida 25 de Mayo y calle Santa Fe.<\/p>\n\n\n\n<p>Tras la entonaci\u00f3n del Himno Marcha a Formosa, se dar\u00e1 lectura al decreto municipal de honores, y seguidamente un alumno recitar\u00e1 una poes\u00eda.<\/p>\n\n\n\n<p>Luego, brindar\u00e1n palabras el intendente municipal Mario Brignole y un funcionario del Gobierno provincial, para dar paso as\u00ed al inicio del desfile c\u00edvico-militar.<\/p>\n","protected":false},"excerpt":{"rendered":"<p>El acto conmemorativo del 207\u00b0 aniversario de la Declaraci\u00f3n de la Independencia argentina tendr\u00e1 lugar este domingo 9 de julio en la localidad de El Colorado y ser\u00e1 presidido por el gobernador Gildo Insfr\u00e1n. En primer lugar, se realizar\u00e1 la ceremonia de izamiento del pabell\u00f3n nacional y la bandera de la provincia en el m\u00e1stil [&hellip;]<\/p>\n","protected":false},"author":11,"featured_media":60693,"comment_status":"closed","ping_status":"closed","sticky":false,"template":"","format":"standard","meta":{"footnotes":""},"categories":[11],"tags":[],"class_list":["post-60690","post","type-post","status-publish","format-standard","has-post-thumbnail","hentry","category-interior"],"_links":{"self":[{"href":"http:\/\/informeformosa.com.ar\/index.php?rest_route=\/wp\/v2\/posts\/60690","targetHints":{"allow":["GET"]}}],"collection":[{"href":"http:\/\/informeformosa.com.ar\/index.php?rest_route=\/wp\/v2\/posts"}],"about":[{"href":"http:\/\/informeformosa.com.ar\/index.php?rest_route=\/wp\/v2\/types\/post"}],"author":[{"embeddable":true,"href":"http:\/\/informeformosa.com.ar\/index.php?rest_route=\/wp\/v2\/users\/11"}],"replies":[{"embeddable":true,"href":"http:\/\/informeformosa.com.ar\/index.php?rest_route=%2Fwp%2Fv2%2Fcomments&post=60690"}],"version-history":[{"count":1,"href":"http:\/\/informeformosa.com.ar\/index.php?rest_route=\/wp\/v2\/posts\/60690\/revisions"}],"predecessor-version":[{"id":60694,"href":"http:\/\/informeformosa.com.ar\/index.php?rest_route=\/wp\/v2\/posts\/60690\/revisions\/60694"}],"wp:featuredmedia":[{"embeddable":true,"href":"http:\/\/informeformosa.com.ar\/index.php?rest_route=\/wp\/v2\/media\/60693"}],"wp:attachment":[{"href":"http:\/\/informeformosa.com.ar\/index.php?rest_route=%2Fwp%2Fv2%2Fmedia&parent=60690"}],"wp:term":[{"taxonomy":"category","embeddable":true,"href":"http:\/\/informeformosa.com.ar\/index.php?rest_route=%2Fwp%2Fv2%2Fcategories&post=60690"},{"taxonomy":"post_tag","embeddable":true,"href":"http:\/\/informeformosa.com.ar\/index.php?rest_route=%2Fwp%2Fv2%2Ftags&post=60690"}],"curies":[{"name":"wp","href":"https:\/\/api.w.org\/{rel}","templated":true}]}}