{"id":60680,"date":"2023-07-05T21:35:20","date_gmt":"2023-07-06T00:35:20","guid":{"rendered":"http:\/\/informeformosa.com.ar\/?p=60680"},"modified":"2023-07-05T21:35:20","modified_gmt":"2023-07-06T00:35:20","slug":"iasep-este-viernes-estaran-cerradas-al-publico-las-oficinas-situadas-en-el-barrio-san-miguel-de-la-capital","status":"publish","type":"post","link":"http:\/\/informeformosa.com.ar\/?p=60680","title":{"rendered":"IASEP: Este viernes estar\u00e1n cerradas al p\u00fablico las oficinas situadas en el barrio San Miguel de la Capital"},"content":{"rendered":"\n<p>Desde el Instituto de Asistencia Social para Empleados P\u00fablicos (IASEP) se informa que debido al traslado a la casa central de la calle Moreno N\u00b0 1170, en la Capital, las oficinas situadas en el barrio San Miguel (Jonas Salk N\u00b0 435) permanecer\u00e1n cerradas al p\u00fablico este <strong>viernes 7 de julio.<\/strong><\/p>\n\n\n\n<p>Asimismo, se comunic\u00f3 que se atender\u00e1 normalmente en los anexos de:<\/p>\n\n\n\n<ul class=\"wp-block-list\">\n<li>Rivadavia 437 (de 7 a 21 horas).<\/li>\n\n\n\n<li>Avenida Italia y Francisco Bosch (7 a 14 horas).<\/li>\n\n\n\n<li>Avenida C\u00e1nepa y Almeida, barrio Rep\u00fablica Argentina (7 a 14 horas).<\/li>\n<\/ul>\n\n\n\n<p>Cabe recordar que el pasado 21 de junio, ratificando que la salud p\u00fablica es una cuesti\u00f3n de Estado en Formosa, el gobernador Gildo Insfr\u00e1n inaugur\u00f3 la obra de ampliaci\u00f3n y refacci\u00f3n del edificio de la sede central del IASEP.<\/p>\n\n\n\n<p>Estas modernas instalaciones mejorar\u00e1n la atenci\u00f3n, agilizando los tr\u00e1mites y gestiones de los m\u00e1s de 109 mil afiliados de esta obra social provincial.<\/p>\n\n\n\n<p>Vale mencionar que entre las prestaciones del IASEP se encuentra la cobertura del 100% en medicamentos y tratamientos oncol\u00f3gicos, trasplantes, di\u00e1lisis, medicamentos para hemofilia, insulina y tratamientos de discapacitados de base, as\u00ed como el convenio con red de farmacias con el 25% de descuento en medicamentos.<\/p>\n\n\n\n<p>Adem\u00e1s, en ese marco, se hizo notar que los afiliados son aceptados y pueden recibir prestaciones en los centros hospitalarios m\u00e1s prestigiosos de todo el pa\u00eds gracias a los convenios vigentes.<\/p>\n","protected":false},"excerpt":{"rendered":"<p>Desde el Instituto de Asistencia Social para Empleados P\u00fablicos (IASEP) se informa que debido al traslado a la casa central de la calle Moreno N\u00b0 1170, en la Capital, las oficinas situadas en el barrio San Miguel (Jonas Salk N\u00b0 435) permanecer\u00e1n cerradas al p\u00fablico este viernes 7 de julio. Asimismo, se comunic\u00f3 que se [&hellip;]<\/p>\n","protected":false},"author":11,"featured_media":60684,"comment_status":"closed","ping_status":"closed","sticky":false,"template":"","format":"standard","meta":{"footnotes":""},"categories":[12],"tags":[],"class_list":["post-60680","post","type-post","status-publish","format-standard","has-post-thumbnail","hentry","category-salud"],"_links":{"self":[{"href":"http:\/\/informeformosa.com.ar\/index.php?rest_route=\/wp\/v2\/posts\/60680","targetHints":{"allow":["GET"]}}],"collection":[{"href":"http:\/\/informeformosa.com.ar\/index.php?rest_route=\/wp\/v2\/posts"}],"about":[{"href":"http:\/\/informeformosa.com.ar\/index.php?rest_route=\/wp\/v2\/types\/post"}],"author":[{"embeddable":true,"href":"http:\/\/informeformosa.com.ar\/index.php?rest_route=\/wp\/v2\/users\/11"}],"replies":[{"embeddable":true,"href":"http:\/\/informeformosa.com.ar\/index.php?rest_route=%2Fwp%2Fv2%2Fcomments&post=60680"}],"version-history":[{"count":1,"href":"http:\/\/informeformosa.com.ar\/index.php?rest_route=\/wp\/v2\/posts\/60680\/revisions"}],"predecessor-version":[{"id":60685,"href":"http:\/\/informeformosa.com.ar\/index.php?rest_route=\/wp\/v2\/posts\/60680\/revisions\/60685"}],"wp:featuredmedia":[{"embeddable":true,"href":"http:\/\/informeformosa.com.ar\/index.php?rest_route=\/wp\/v2\/media\/60684"}],"wp:attachment":[{"href":"http:\/\/informeformosa.com.ar\/index.php?rest_route=%2Fwp%2Fv2%2Fmedia&parent=60680"}],"wp:term":[{"taxonomy":"category","embeddable":true,"href":"http:\/\/informeformosa.com.ar\/index.php?rest_route=%2Fwp%2Fv2%2Fcategories&post=60680"},{"taxonomy":"post_tag","embeddable":true,"href":"http:\/\/informeformosa.com.ar\/index.php?rest_route=%2Fwp%2Fv2%2Ftags&post=60680"}],"curies":[{"name":"wp","href":"https:\/\/api.w.org\/{rel}","templated":true}]}}