{"id":60674,"date":"2023-07-05T21:36:17","date_gmt":"2023-07-06T00:36:17","guid":{"rendered":"http:\/\/informeformosa.com.ar\/?p=60674"},"modified":"2023-07-05T21:36:17","modified_gmt":"2023-07-06T00:36:17","slug":"reafirmamos-nuestro-compromiso-de-seguir-trabajando-para-construir-una-argentina-mas-federal-sostuvo-insfran","status":"publish","type":"post","link":"http:\/\/informeformosa.com.ar\/?p=60674","title":{"rendered":"\u201cReafirmamos nuestro compromiso de seguir trabajando para construir una Argentina m\u00e1s federal\u201d, sostuvo Insfr\u00e1n\u00a0"},"content":{"rendered":"\n<p>Este mi\u00e9rcoles 5, en la sede del Consejo Federal de Inversiones (CFI), gobernadores y gobernadoras del oficialismo mantuvieron un encuentro con el ministro de Econom\u00eda de la Naci\u00f3n y precandidato presidencial, Sergio Massa, y el jefe de Gabinete de Ministros y precandidato a vicepresidente, Agust\u00edn Rossi.<\/p>\n\n\n\n<p>En el mismo, los mandatarios reafirmaron \u201cnuestro compromiso de seguir trabajando para construir una Argentina m\u00e1s federal\u201d, indic\u00f3 el gobernador de Formosa, Gildo Insfr\u00e1n, quien estuvo presente en la reuni\u00f3n.<\/p>\n\n\n\n<p>Adem\u00e1s de \u00e9l, tambi\u00e9n participaron los gobernadores Axel Kicillof (Buenos Aires), Gustavo Melella (Tierra del Fuego), Mariano Arcioni (Chubut), Oscar Herrera Ahuad (Misiones), Ricardo Quintela (La Rioja), Alicia Kirchner (Santa Cruz), Juan Manzur (Tucum\u00e1n), Gerardo Zamora (Santiago), Ra\u00fal Jalil (Catamarca), Sergio Ziliotto (La Pampa),&nbsp; Gustavo Bordet (Entre R\u00edos) y los vicegobernadores Osvaldo Jaldo (Tucum\u00e1n), Antonio Marocco (Salta) y Anal\u00eda Rach Quiroga (Chaco), entre otros.<\/p>\n\n\n\n<p>De este modo, Insfr\u00e1n asegur\u00f3 que \u201cel desarrollo equitativo de las regiones, con crecimiento del empleo, la inversi\u00f3n y la infraestructura necesaria para garantizar igualdad de oportunidades para todos los argentinos y las argentinas, sigue siendo nuestro desaf\u00edo\u201d.<\/p>\n\n\n\n<p>Y reafirm\u00f3 que \u201ctodos unidos vamos a continuar el camino de construcci\u00f3n de una Patria m\u00e1s justa, libre y soberana, que incluya a todos y todas\u201d.&nbsp;<\/p>\n","protected":false},"excerpt":{"rendered":"<p>Este mi\u00e9rcoles 5, en la sede del Consejo Federal de Inversiones (CFI), gobernadores y gobernadoras del oficialismo mantuvieron un encuentro con el ministro de Econom\u00eda de la Naci\u00f3n y precandidato presidencial, Sergio Massa, y el jefe de Gabinete de Ministros y precandidato a vicepresidente, Agust\u00edn Rossi. En el mismo, los mandatarios reafirmaron \u201cnuestro compromiso de [&hellip;]<\/p>\n","protected":false},"author":11,"featured_media":60686,"comment_status":"closed","ping_status":"closed","sticky":false,"template":"","format":"standard","meta":{"footnotes":""},"categories":[21],"tags":[],"class_list":["post-60674","post","type-post","status-publish","format-standard","has-post-thumbnail","hentry","category-provinciales"],"_links":{"self":[{"href":"http:\/\/informeformosa.com.ar\/index.php?rest_route=\/wp\/v2\/posts\/60674","targetHints":{"allow":["GET"]}}],"collection":[{"href":"http:\/\/informeformosa.com.ar\/index.php?rest_route=\/wp\/v2\/posts"}],"about":[{"href":"http:\/\/informeformosa.com.ar\/index.php?rest_route=\/wp\/v2\/types\/post"}],"author":[{"embeddable":true,"href":"http:\/\/informeformosa.com.ar\/index.php?rest_route=\/wp\/v2\/users\/11"}],"replies":[{"embeddable":true,"href":"http:\/\/informeformosa.com.ar\/index.php?rest_route=%2Fwp%2Fv2%2Fcomments&post=60674"}],"version-history":[{"count":1,"href":"http:\/\/informeformosa.com.ar\/index.php?rest_route=\/wp\/v2\/posts\/60674\/revisions"}],"predecessor-version":[{"id":60687,"href":"http:\/\/informeformosa.com.ar\/index.php?rest_route=\/wp\/v2\/posts\/60674\/revisions\/60687"}],"wp:featuredmedia":[{"embeddable":true,"href":"http:\/\/informeformosa.com.ar\/index.php?rest_route=\/wp\/v2\/media\/60686"}],"wp:attachment":[{"href":"http:\/\/informeformosa.com.ar\/index.php?rest_route=%2Fwp%2Fv2%2Fmedia&parent=60674"}],"wp:term":[{"taxonomy":"category","embeddable":true,"href":"http:\/\/informeformosa.com.ar\/index.php?rest_route=%2Fwp%2Fv2%2Fcategories&post=60674"},{"taxonomy":"post_tag","embeddable":true,"href":"http:\/\/informeformosa.com.ar\/index.php?rest_route=%2Fwp%2Fv2%2Ftags&post=60674"}],"curies":[{"name":"wp","href":"https:\/\/api.w.org\/{rel}","templated":true}]}}