{"id":60671,"date":"2023-07-05T21:31:58","date_gmt":"2023-07-06T00:31:58","guid":{"rendered":"http:\/\/informeformosa.com.ar\/?p=60671"},"modified":"2023-07-05T21:31:58","modified_gmt":"2023-07-06T00:31:58","slug":"el-gobernador-y-el-subsecretario-de-energia-de-la-nacion-dialogaron-sobre-la-matriz-energetica-de-formosa","status":"publish","type":"post","link":"http:\/\/informeformosa.com.ar\/?p=60671","title":{"rendered":"El Gobernador y el subsecretario de Energ\u00eda de la Naci\u00f3n dialogaron sobre la matriz energ\u00e9tica de Formosa"},"content":{"rendered":"\n<p>El gobernador Gildo Insfr\u00e1n se reuni\u00f3 en la ma\u00f1ana de este mi\u00e9rcoles 5, con el subsecretario de Energ\u00eda El\u00e9ctrica de la Naci\u00f3n, Santiago Yanotti, donde trataron sobre los avances de los proyectos que tiene la provincia de Formosa en materia energ\u00e9tica.<\/p>\n\n\n\n<p>En este marco, Insfr\u00e1n puntualiz\u00f3 que uno de los ejes del encuentro fue la ejecuci\u00f3n de los seis parques solares en el territorio, detallando que \u201ctres fueron adjudicados por la Empresa CAMMESA recientemente, y se espera que durante este mes de julio se est\u00e9n firmando los contratos\u201d.<\/p>\n\n\n\n<p>De esta manera se pondr\u00e1 en operatividad el emprendimiento, ingresando en la etapa comercial de explotaci\u00f3n en los pr\u00f3ximos meses, se\u00f1al\u00f3.<\/p>\n\n\n\n<p>Y precis\u00f3 que se tratan de los dos a instalarse en Laguna Yema (15 MW y 7 MW) y otro en Ingeniero Ju\u00e1rez (15 MW), adem\u00e1s de un segundo proyectado en esta \u00faltima localidad y otros dos proyectados en la localidad de Las Lomitas, \u201ccon los cuales llegar\u00edamos a 65 MW de capacidad\u201d, valor\u00f3.<\/p>\n\n\n\n<p>A su vez, resalt\u00f3 que otro proyecto importante es la \u201campliaci\u00f3n de l\u00ednea de alta tensi\u00f3n en 132 kV entre Gran Formosa, Piran\u00e9 e Ibarreta\u201d, cuyo llamado a licitaci\u00f3n est\u00e1 muy pronto a concretarse.<\/p>\n\n\n\n<p>Finalmente, el primer mandatario indic\u00f3 que dialogaron tambi\u00e9n sobre la generaci\u00f3n el\u00e9ctrica a partir de las posibilidades que brindar\u00e1 el nuevo gasoducto, incorporando turbinas a gas en Formosa e Ibarreta.<\/p>\n\n\n\n<p>\u201cEstos proyectos fortalecer\u00e1n nuestra matriz energ\u00e9tica, avanzando en la diversificaci\u00f3n de la misma para continuar cubriendo la demanda presente y la futura, tanto en el uso domiciliario como el comercial e industrial\u201d, destac\u00f3 al concluir.<\/p>\n","protected":false},"excerpt":{"rendered":"<p>El gobernador Gildo Insfr\u00e1n se reuni\u00f3 en la ma\u00f1ana de este mi\u00e9rcoles 5, con el subsecretario de Energ\u00eda El\u00e9ctrica de la Naci\u00f3n, Santiago Yanotti, donde trataron sobre los avances de los proyectos que tiene la provincia de Formosa en materia energ\u00e9tica. En este marco, Insfr\u00e1n puntualiz\u00f3 que uno de los ejes del encuentro fue la [&hellip;]<\/p>\n","protected":false},"author":11,"featured_media":60681,"comment_status":"closed","ping_status":"closed","sticky":false,"template":"","format":"standard","meta":{"footnotes":""},"categories":[21],"tags":[],"class_list":["post-60671","post","type-post","status-publish","format-standard","has-post-thumbnail","hentry","category-provinciales"],"_links":{"self":[{"href":"http:\/\/informeformosa.com.ar\/index.php?rest_route=\/wp\/v2\/posts\/60671","targetHints":{"allow":["GET"]}}],"collection":[{"href":"http:\/\/informeformosa.com.ar\/index.php?rest_route=\/wp\/v2\/posts"}],"about":[{"href":"http:\/\/informeformosa.com.ar\/index.php?rest_route=\/wp\/v2\/types\/post"}],"author":[{"embeddable":true,"href":"http:\/\/informeformosa.com.ar\/index.php?rest_route=\/wp\/v2\/users\/11"}],"replies":[{"embeddable":true,"href":"http:\/\/informeformosa.com.ar\/index.php?rest_route=%2Fwp%2Fv2%2Fcomments&post=60671"}],"version-history":[{"count":1,"href":"http:\/\/informeformosa.com.ar\/index.php?rest_route=\/wp\/v2\/posts\/60671\/revisions"}],"predecessor-version":[{"id":60682,"href":"http:\/\/informeformosa.com.ar\/index.php?rest_route=\/wp\/v2\/posts\/60671\/revisions\/60682"}],"wp:featuredmedia":[{"embeddable":true,"href":"http:\/\/informeformosa.com.ar\/index.php?rest_route=\/wp\/v2\/media\/60681"}],"wp:attachment":[{"href":"http:\/\/informeformosa.com.ar\/index.php?rest_route=%2Fwp%2Fv2%2Fmedia&parent=60671"}],"wp:term":[{"taxonomy":"category","embeddable":true,"href":"http:\/\/informeformosa.com.ar\/index.php?rest_route=%2Fwp%2Fv2%2Fcategories&post=60671"},{"taxonomy":"post_tag","embeddable":true,"href":"http:\/\/informeformosa.com.ar\/index.php?rest_route=%2Fwp%2Fv2%2Ftags&post=60671"}],"curies":[{"name":"wp","href":"https:\/\/api.w.org\/{rel}","templated":true}]}}