{"id":60661,"date":"2023-07-05T21:26:57","date_gmt":"2023-07-06T00:26:57","guid":{"rendered":"http:\/\/informeformosa.com.ar\/?p=60661"},"modified":"2023-07-05T21:26:58","modified_gmt":"2023-07-06T00:26:58","slug":"el-gobernador-insfran-inaugurara-obras-de-pavimentacion-en-dos-barrios-capitalinos","status":"publish","type":"post","link":"http:\/\/informeformosa.com.ar\/?p=60661","title":{"rendered":"El gobernador Insfr\u00e1n inaugurar\u00e1 obras de pavimentaci\u00f3n en dos barrios capitalinos"},"content":{"rendered":"\n<p>Este jueves 6 por la tarde, el gobernador de la provincia, Gildo Insfr\u00e1n, encabezar\u00e1 la inauguraci\u00f3n de dos importantes obras de pavimentaci\u00f3n, iluminaci\u00f3n y desag\u00fces pluviales en dos barrios de Formosa Capital.<\/p>\n\n\n\n<p>En principio, a las 18 horas, el mandatario dejar\u00e1 habilitada la pavimentaci\u00f3n, desag\u00fces e iluminaci\u00f3n de la calle Arenales entre Juan Manuel de Rosas hasta Silvestre G\u00fcemes del barrio Parque Urbano.<\/p>\n\n\n\n<p>Y, a las 18.45 horas, har\u00e1 lo propio en la Avenida Los Pioneros en la intersecci\u00f3n de la Avenida Gendarmer\u00eda Nacional.<\/p>\n\n\n\n<p><strong>Avenida Los Pioneros<\/strong><\/p>\n\n\n\n<p>La Avenida Los Pioneros se desarrolla en sentido este-oeste al noroeste de la ciudad de Formosa en el barrio San Antonio y constituye la v\u00eda de acceso hacia la Avenida Gendarmer\u00eda Nacional en forma directa o por conexi\u00f3n en la Moreau de Justo, favoreciendo la transitabilidad a los barrios San Juan, Solano Lima, Lote Rural 62 Virgen de Itat\u00ed, Lote Rural 63 San Antonio, Lote Rural 74 Andr\u00e9s Rivira, Lote Rural 75, San Andr\u00e9s, Lote Rural 98, 98, 110, 111 y Procrear.<\/p>\n\n\n\n<p>El proyecto total es de dos mil metros y para concretarlo se adoptaron dos calzadas de hormig\u00f3n de 6,00m de ancho, separadas por un cantero central de 1,00m incluy\u00e9ndose adem\u00e1s la construcci\u00f3n de enlaces con calles laterales.<\/p>\n\n\n\n<p>El colector pluvial colecta una importante cuenca de 440 hect\u00e1reas y recibe aportes de dos sectores diferenciados. Por un lado, aportes desde el norte y noroeste, desde un \u00e1rea en avanzado estado de desarrollo urban\u00edstico actual, y desde el sur y sur oeste, a trav\u00e9s de una serie de canales ubicados en la zona de ba\u00f1ados, que cruzan lentamente la Avenida Alicia Moreau de Justo y luego llegan al canal actual Los Pioneros por calle Zan\u00edn.<\/p>\n\n\n\n<p>En esta primera etapa se construy\u00f3 el colector principal por Los Pioneros, de aproximadamente 1900 metros de longitud, a efectos de ordenar el escurrimiento en esta zona de desarrollo urbano incipiente, minimizando riesgos de inundaciones pluviales. El mismo se desarrolla por el lado norte de la calle, en espacio de vereda fundamentalmente.<\/p>\n\n\n\n<p><strong>Calle Arenales<\/strong><\/p>\n\n\n\n<p>Al respecto, la ingeniera civil con orientaci\u00f3n vial de la Direcci\u00f3n de Arquitectura y Urbanismo de la provincia, Milagros Vivas, quien estuvo a cargo del proyecto del pavimento urbano en la calle Arenales, detall\u00f3 que el mismo contempl\u00f3 tambi\u00e9n la ejecuci\u00f3n del desag\u00fce pluvial que se conecta a un conducto principal ubicado en la Avenida N\u00e9stor Kirchner para el correcto escurrimiento de los excedentes pluviales; y la colocaci\u00f3n del alumbrado p\u00fablico.<\/p>\n\n\n\n<p>\u201cLa obra tiene una longitud de 422 metros aproximadamente y est\u00e1 ubicada entre las calles Juan Manuel de Rosas y Silvestre G\u00fcemes del barrio Parque Urbano\u201d, indic\u00f3.<\/p>\n\n\n\n<p>Y agreg\u00f3: \u201cEra un tramo que faltaba de la calle Arenales, para dar continuidad al acceso desde la Avenida Ant\u00e1rtida Argentina hasta la avenida Sargento Cabral, digamos; y tambi\u00e9n descomprime un poco m\u00e1s el tr\u00e1nsito sobre la avenida Kirchner\u201d.<\/p>\n\n\n\n<p>Asimismo, Vivas se\u00f1al\u00f3 que la obra se hab\u00eda terminado hace aproximadamente un mes, pero aclar\u00f3 que \u201cse tuvo que dar habilitaci\u00f3n al paso peatonal y de la circulaci\u00f3n de los veh\u00edculos\u201d porque en es un barrio con escuelas cerca.<\/p>\n\n\n\n<p>Por \u00faltimo, dijo que cuando se realizan estas obras sobre un \u00e1rea urbanizada como este caso \u201chay condicionantes\u201d, por ejemplo, pavimentos existentes, redes de aguas que se cruzan, cloacas y hasta cunetas.<\/p>\n\n\n\n<p>\u201cEntonces es como todo un desaf\u00edo, digamos, generar un anteproyecto para este tipo de obras. Hay que tener en cuenta un mont\u00f3n de condicionantes que se presentan antes de la realizaci\u00f3n del proyecto\u201d, finaliz\u00f3.<\/p>\n","protected":false},"excerpt":{"rendered":"<p>Este jueves 6 por la tarde, el gobernador de la provincia, Gildo Insfr\u00e1n, encabezar\u00e1 la inauguraci\u00f3n de dos importantes obras de pavimentaci\u00f3n, iluminaci\u00f3n y desag\u00fces pluviales en dos barrios de Formosa Capital. En principio, a las 18 horas, el mandatario dejar\u00e1 habilitada la pavimentaci\u00f3n, desag\u00fces e iluminaci\u00f3n de la calle Arenales entre Juan Manuel de [&hellip;]<\/p>\n","protected":false},"author":11,"featured_media":60675,"comment_status":"closed","ping_status":"closed","sticky":false,"template":"","format":"standard","meta":{"footnotes":""},"categories":[21],"tags":[],"class_list":["post-60661","post","type-post","status-publish","format-standard","has-post-thumbnail","hentry","category-provinciales"],"_links":{"self":[{"href":"http:\/\/informeformosa.com.ar\/index.php?rest_route=\/wp\/v2\/posts\/60661","targetHints":{"allow":["GET"]}}],"collection":[{"href":"http:\/\/informeformosa.com.ar\/index.php?rest_route=\/wp\/v2\/posts"}],"about":[{"href":"http:\/\/informeformosa.com.ar\/index.php?rest_route=\/wp\/v2\/types\/post"}],"author":[{"embeddable":true,"href":"http:\/\/informeformosa.com.ar\/index.php?rest_route=\/wp\/v2\/users\/11"}],"replies":[{"embeddable":true,"href":"http:\/\/informeformosa.com.ar\/index.php?rest_route=%2Fwp%2Fv2%2Fcomments&post=60661"}],"version-history":[{"count":1,"href":"http:\/\/informeformosa.com.ar\/index.php?rest_route=\/wp\/v2\/posts\/60661\/revisions"}],"predecessor-version":[{"id":60676,"href":"http:\/\/informeformosa.com.ar\/index.php?rest_route=\/wp\/v2\/posts\/60661\/revisions\/60676"}],"wp:featuredmedia":[{"embeddable":true,"href":"http:\/\/informeformosa.com.ar\/index.php?rest_route=\/wp\/v2\/media\/60675"}],"wp:attachment":[{"href":"http:\/\/informeformosa.com.ar\/index.php?rest_route=%2Fwp%2Fv2%2Fmedia&parent=60661"}],"wp:term":[{"taxonomy":"category","embeddable":true,"href":"http:\/\/informeformosa.com.ar\/index.php?rest_route=%2Fwp%2Fv2%2Fcategories&post=60661"},{"taxonomy":"post_tag","embeddable":true,"href":"http:\/\/informeformosa.com.ar\/index.php?rest_route=%2Fwp%2Fv2%2Ftags&post=60661"}],"curies":[{"name":"wp","href":"https:\/\/api.w.org\/{rel}","templated":true}]}}