{"id":60658,"date":"2023-07-05T21:25:09","date_gmt":"2023-07-06T00:25:09","guid":{"rendered":"http:\/\/informeformosa.com.ar\/?p=60658"},"modified":"2023-07-05T21:25:09","modified_gmt":"2023-07-06T00:25:09","slug":"se-llevo-a-cabo-el-taller-igualdad-de-genero-en-el-ambito-laboral","status":"publish","type":"post","link":"http:\/\/informeformosa.com.ar\/?p=60658","title":{"rendered":"Se llev\u00f3 a cabo el taller Igualdad de G\u00e9nero en el \u00c1mbito Laboral"},"content":{"rendered":"\n<p>Este mi\u00e9rcoles 5 por la ma\u00f1ana, en las instalaciones de la CGT Delegaci\u00f3n Formosa, se realiz\u00f3 el taller Igualdad de G\u00e9nero en el \u00c1mbito Laboral organizado por la Federaci\u00f3n de Trabajadores de Obras Sanitarias (FeNTOS) de Formosa, donde particip\u00f3 tambi\u00e9n la Secretar\u00eda de la Mujer de la provincia y representantes del Secretariado de la Federaci\u00f3n Nacional y la agrupaci\u00f3n de Mujeres de Obras Sanitarias.<\/p>\n\n\n\n<p>Al respecto, el secretario general de FeNTOS Formosa, Pedro Fern\u00e1ndez, convers\u00f3 con AGENFOR indic\u00f3 que la convocatoria fue extendida hacia todas las mujeres, pero adem\u00e1s participaron personal de Aguas de Formosa, del Servicio Provincial de Agua Potable, como as\u00ed tambi\u00e9n de otros gremios.<\/p>\n\n\n\n<p>En cuanto a los disertantes del taller, detall\u00f3 que es \u201cmixta\u201d ya que son varios referentes los que estuvieron a cargo de la misma como, por ejemplo, la secretaria de la Mujer de FeNTOS, Yolanda Maman\u00ed, y la secretaria de la Mujer de la provincia, Ang\u00e9lica Garc\u00eda.<\/p>\n\n\n\n<p>\u201cTambi\u00e9n tuvimos hace un rato disertaciones a trav\u00e9s del Zoom de la Secretar\u00eda de Acci\u00f3n Social de la CGT Nacional y pr\u00f3ximamente tendremos otra disertaci\u00f3n y un taller con la se\u00f1ora Adriana Maffeo, que es de la Federaci\u00f3n Nacional de Obras Sanitarias\u201d, precis\u00f3.<\/p>\n\n\n\n<p>Y aclar\u00f3: \u201cTodos son de Secretar\u00edas de la Mujer o de la Agrupaci\u00f3n de Mujeres, por eso el curso trata de igualdad de g\u00e9nero en el \u00e1mbito laboral\u201d.<\/p>\n","protected":false},"excerpt":{"rendered":"<p>Este mi\u00e9rcoles 5 por la ma\u00f1ana, en las instalaciones de la CGT Delegaci\u00f3n Formosa, se realiz\u00f3 el taller Igualdad de G\u00e9nero en el \u00c1mbito Laboral organizado por la Federaci\u00f3n de Trabajadores de Obras Sanitarias (FeNTOS) de Formosa, donde particip\u00f3 tambi\u00e9n la Secretar\u00eda de la Mujer de la provincia y representantes del Secretariado de la Federaci\u00f3n [&hellip;]<\/p>\n","protected":false},"author":11,"featured_media":60672,"comment_status":"closed","ping_status":"closed","sticky":false,"template":"","format":"standard","meta":{"footnotes":""},"categories":[21],"tags":[],"class_list":["post-60658","post","type-post","status-publish","format-standard","has-post-thumbnail","hentry","category-provinciales"],"_links":{"self":[{"href":"http:\/\/informeformosa.com.ar\/index.php?rest_route=\/wp\/v2\/posts\/60658","targetHints":{"allow":["GET"]}}],"collection":[{"href":"http:\/\/informeformosa.com.ar\/index.php?rest_route=\/wp\/v2\/posts"}],"about":[{"href":"http:\/\/informeformosa.com.ar\/index.php?rest_route=\/wp\/v2\/types\/post"}],"author":[{"embeddable":true,"href":"http:\/\/informeformosa.com.ar\/index.php?rest_route=\/wp\/v2\/users\/11"}],"replies":[{"embeddable":true,"href":"http:\/\/informeformosa.com.ar\/index.php?rest_route=%2Fwp%2Fv2%2Fcomments&post=60658"}],"version-history":[{"count":1,"href":"http:\/\/informeformosa.com.ar\/index.php?rest_route=\/wp\/v2\/posts\/60658\/revisions"}],"predecessor-version":[{"id":60673,"href":"http:\/\/informeformosa.com.ar\/index.php?rest_route=\/wp\/v2\/posts\/60658\/revisions\/60673"}],"wp:featuredmedia":[{"embeddable":true,"href":"http:\/\/informeformosa.com.ar\/index.php?rest_route=\/wp\/v2\/media\/60672"}],"wp:attachment":[{"href":"http:\/\/informeformosa.com.ar\/index.php?rest_route=%2Fwp%2Fv2%2Fmedia&parent=60658"}],"wp:term":[{"taxonomy":"category","embeddable":true,"href":"http:\/\/informeformosa.com.ar\/index.php?rest_route=%2Fwp%2Fv2%2Fcategories&post=60658"},{"taxonomy":"post_tag","embeddable":true,"href":"http:\/\/informeformosa.com.ar\/index.php?rest_route=%2Fwp%2Fv2%2Ftags&post=60658"}],"curies":[{"name":"wp","href":"https:\/\/api.w.org\/{rel}","templated":true}]}}