{"id":60655,"date":"2023-07-05T21:19:47","date_gmt":"2023-07-06T00:19:47","guid":{"rendered":"http:\/\/informeformosa.com.ar\/?p=60655"},"modified":"2023-07-05T21:19:48","modified_gmt":"2023-07-06T00:19:48","slug":"epoca-invernal-cuales-son-las-enfermedades-mas-comunes-en-los-ninos-en-esta-estacion-del-ano","status":"publish","type":"post","link":"http:\/\/informeformosa.com.ar\/?p=60655","title":{"rendered":"\u00c9poca invernal: Cu\u00e1les son las enfermedades m\u00e1s comunes en los ni\u00f1os en esta estaci\u00f3n del a\u00f1o"},"content":{"rendered":"\n<p>La Agencia de Noticias Formosa (AGENFOR) accedi\u00f3 a testimonios brindados por la doctora, quien en primera instancia aclar\u00f3 que \u201ccuanto m\u00e1s chicos son, m\u00e1s se enferman, porque tienen menos defensas\u201d.<\/p>\n\n\n\n<p>Explic\u00f3 que esto se debe a que \u201csu sistema inmunol\u00f3gico todav\u00eda no est\u00e1 maduro y por ello tienden a hacer m\u00e1s episodios\u201d.<\/p>\n\n\n\n<p>Tambi\u00e9n, se\u00f1al\u00f3 que en la \u00e9poca invernal son muy frecuentes los \u201ccuadros respiratorios\u201d, los cuales \u201cson causados por virus\u201d.<\/p>\n\n\n\n<p>\u201cEstos tienen la caracter\u00edstica de que en el invierno se replican m\u00e1s, por lo tanto esto significa m\u00e1s virus, m\u00e1s infecciones y m\u00e1s ni\u00f1os infectados\u201d.<\/p>\n\n\n\n<p>Aqu\u00ed, habl\u00f3 de dos grupos de pacientes, diferenci\u00e1ndolos por grupo etario: \u201cPor un lado est\u00e1n los menores de dos a\u00f1os y por otro los que se encuentran en etapa escolar\u201d.<\/p>\n\n\n\n<p>\u201cLos menores de un a\u00f1o suelen presentar un cuadro muy com\u00fan y frecuente llamado bronquiolitis y es respiratorio\u201d, inici\u00f3 exponiendo.<\/p>\n\n\n\n<p>\u201cEs muy importante darnos cuenta cuando el beb\u00e9 esta con esta enfermedad y los s\u00edntomas m\u00e1s comunes son que se pone m\u00e1s irritable, llora mucho, come menos, no duerme bien y en algunos casos hasta presenta fiebre\u201d, a\u00f1adi\u00f3.<\/p>\n\n\n\n<p>Como dato importante, aclar\u00f3 que siempre es recomendable tomar la temperatura con term\u00f3metro, porque con frecuencia la madre ya lo siente calentito y cree que es un cuadro febril.<\/p>\n\n\n\n<p>\u201cEs fiebre cuando el ni\u00f1o tiene 38 grados o m\u00e1s\u201d, subray\u00f3 y record\u00f3 que \u201ces importante tener en cuenta que los chicos no regulan bien la temperatura, por lo tanto si est\u00e1n muy abrigados pueden estar calentitos pero no significa que tenga fiebre\u201d.<\/p>\n\n\n\n<p>Respecto de los ni\u00f1os en edad escolar, especific\u00f3 que las consultas comunes son \u201cfiebre y tos que puede ser seca o con catarro, y tambi\u00e9n dolor de garganta, agitaci\u00f3n y los cuadros en donde sienten que les chilla el pecho, el cual corresponde al broncoespasmo\u201d.<\/p>\n\n\n\n<p>Ante cualquiera situaci\u00f3n de cuadro respiratorio, Vizca\u00edno recomend\u00f3 \u201cno automedicar, sino concurrir al doctor, m\u00e1s en los casos de los ni\u00f1os peque\u00f1os en los cuales esta enfermedad tiende a avanzar m\u00e1s r\u00e1pido\u201d.<\/p>\n\n\n\n<p><strong>Prevenci\u00f3n<\/strong><\/p>\n\n\n\n<p>Por otra parte, hizo referencia a la relevancia que tiene en la salud la prevenci\u00f3n.<\/p>\n\n\n\n<p>Es por eso que recalc\u00f3 que parte del cuidado diario tiene que ver con \u201cla higienizaci\u00f3n de manos, el uso constante de alcohol en gel, la ventilaci\u00f3n de los lugares, el uso de barbijo en sitios cerrados con aglomeraci\u00f3n de personas, destornudar o torcer en el pliegue del codo, la utilizaci\u00f3n de pa\u00f1uelos descartables y el desecho de los mismos\u201d.<\/p>\n\n\n\n<p>En esta misma l\u00ednea, indic\u00f3 la \u201cimportancia de contar con el calendario de vacuna completo\u201d y recod\u00f3 que en Formosa son gratuitas y pueden ser aplicadas en el vacunatorio provincial o en cualquier centro de salud.<\/p>\n\n\n\n<p>En referencia a la \u00e9poca, indic\u00f3 que lo importancia es inmunizarse con \u201cla antigripal, contra el COVID-19 y la neumon\u00eda\u201d.<\/p>\n\n\n\n<p><strong>Controles<\/strong><\/p>\n\n\n\n<p>En otro orden, hizo hincapi\u00e9 en la importancia de los controles de rutina anuales, esbozando que muchas veces en estas visitas m\u00e9dicas se han detectado patolog\u00edas que el paciente o la familia desconoc\u00eda que padec\u00eda.<\/p>\n\n\n\n<p>Tambi\u00e9n, aclar\u00f3 que los doctores trabajan mucho de manera interdisciplinaria, es decir, \u201cexisten muchas derivaciones por alguna sospecha en otras especiales como oftalmolog\u00eda, traumatolog\u00eda, etc\u00e9tera\u201d, cerr\u00f3.<\/p>\n","protected":false},"excerpt":{"rendered":"<p>La Agencia de Noticias Formosa (AGENFOR) accedi\u00f3 a testimonios brindados por la doctora, quien en primera instancia aclar\u00f3 que \u201ccuanto m\u00e1s chicos son, m\u00e1s se enferman, porque tienen menos defensas\u201d. Explic\u00f3 que esto se debe a que \u201csu sistema inmunol\u00f3gico todav\u00eda no est\u00e1 maduro y por ello tienden a hacer m\u00e1s episodios\u201d. Tambi\u00e9n, se\u00f1al\u00f3 que [&hellip;]<\/p>\n","protected":false},"author":11,"featured_media":60669,"comment_status":"closed","ping_status":"closed","sticky":false,"template":"","format":"standard","meta":{"footnotes":""},"categories":[12],"tags":[],"class_list":["post-60655","post","type-post","status-publish","format-standard","has-post-thumbnail","hentry","category-salud"],"_links":{"self":[{"href":"http:\/\/informeformosa.com.ar\/index.php?rest_route=\/wp\/v2\/posts\/60655","targetHints":{"allow":["GET"]}}],"collection":[{"href":"http:\/\/informeformosa.com.ar\/index.php?rest_route=\/wp\/v2\/posts"}],"about":[{"href":"http:\/\/informeformosa.com.ar\/index.php?rest_route=\/wp\/v2\/types\/post"}],"author":[{"embeddable":true,"href":"http:\/\/informeformosa.com.ar\/index.php?rest_route=\/wp\/v2\/users\/11"}],"replies":[{"embeddable":true,"href":"http:\/\/informeformosa.com.ar\/index.php?rest_route=%2Fwp%2Fv2%2Fcomments&post=60655"}],"version-history":[{"count":1,"href":"http:\/\/informeformosa.com.ar\/index.php?rest_route=\/wp\/v2\/posts\/60655\/revisions"}],"predecessor-version":[{"id":60670,"href":"http:\/\/informeformosa.com.ar\/index.php?rest_route=\/wp\/v2\/posts\/60655\/revisions\/60670"}],"wp:featuredmedia":[{"embeddable":true,"href":"http:\/\/informeformosa.com.ar\/index.php?rest_route=\/wp\/v2\/media\/60669"}],"wp:attachment":[{"href":"http:\/\/informeformosa.com.ar\/index.php?rest_route=%2Fwp%2Fv2%2Fmedia&parent=60655"}],"wp:term":[{"taxonomy":"category","embeddable":true,"href":"http:\/\/informeformosa.com.ar\/index.php?rest_route=%2Fwp%2Fv2%2Fcategories&post=60655"},{"taxonomy":"post_tag","embeddable":true,"href":"http:\/\/informeformosa.com.ar\/index.php?rest_route=%2Fwp%2Fv2%2Ftags&post=60655"}],"curies":[{"name":"wp","href":"https:\/\/api.w.org\/{rel}","templated":true}]}}