{"id":60251,"date":"2023-05-31T20:50:39","date_gmt":"2023-05-31T23:50:39","guid":{"rendered":"http:\/\/informeformosa.com.ar\/?p=60251"},"modified":"2023-05-31T20:50:39","modified_gmt":"2023-05-31T23:50:39","slug":"naineck-inauguracion-de-casa-de-la-solidaridad-y-anuncio-de-construccion-de-viviendas-y-nuevo-hospital","status":"publish","type":"post","link":"http:\/\/informeformosa.com.ar\/?p=60251","title":{"rendered":"Naineck: Inauguraci\u00f3n de Casa de la Solidaridad y anuncio de construcci\u00f3n de viviendas y nuevo hospital"},"content":{"rendered":"\n<p>Tambi\u00e9n se suscribieron dos actas de compromiso, consistiendo la primera en el inicio de la construcci\u00f3n de 40 viviendas urbanas, siendo 38 comunes y dos adaptadas. La firma se dio entre el administrador general del Instituto Provincial de la Vivienda (IPV), el ingeniero Marcelo Ugelli, y en representaci\u00f3n de la empresa Pilag\u00e1 Construcciones S.A., la contadora&nbsp; Malena Romay.<\/p>\n\n\n\n<p>Posteriormente, el ministro de Planificaci\u00f3n, Inversi\u00f3n, Obras y Servicios P\u00fablicos, el contador Daniel Malich, y el ministro de Desarrollo Humano, el doctor An\u00edbal G\u00f3mez, rubricaron un acta de compromiso para el llamado a licitaci\u00f3n de la construcci\u00f3n del hospital de Laguna Naineck.<\/p>\n\n\n\n<p>Ambos instrumentos fueron refrendados por el gobernador Insfr\u00e1n y el intendente de la localidad, Julio Murdoch.<\/p>\n\n\n\n<p>Ante estas nuevas inauguraciones, seg\u00fan recab\u00f3 AGENFOR, el jefe comunal Murdoch, en primer t\u00e9rmino, hizo referencia al Polideportivo Municipal, expresando que es de suma relevancia, porque \u201ccomo pol\u00edtica de Estado hay que promocionar todas las disciplinas\u201d y agreg\u00f3 que \u201cpermite tener un espacio de eventos sociales\u201d.<\/p>\n\n\n\n<p>En referencia a la inauguraci\u00f3n de la Casa de la Solidaridad, indic\u00f3 que \u201cser\u00e1 el punto de encuentro de nuestros abuelos\u201d y cit\u00f3 unas declaraciones realizadas en otra oportunidad por el Gobernador: \u201cEl trasvasamiento generacional no es tirar todos los d\u00edas a un abuelo por la ventana, sino por el contrario, es aprovechar esa sapiencia que tienen\u201d.<\/p>\n\n\n\n<p>\u201c\u00a1Y f\u00edjense c\u00f3mo cumplimos con ese deber cristiano de cumplir con nuestros ni\u00f1os y cuidar a los abuelos!\u201d, exclam\u00f3.<\/p>\n\n\n\n<p>Seguidamente, realz\u00f3 el anuncio de la construcci\u00f3n del nuevo hospital y, aqu\u00ed explic\u00f3 que \u201cmuchas veces, las personas nos dicen que no hay m\u00e1s nacimientos en el hospital local, pero es l\u00f3gico eso, porque nuestro sistema de salud es de complejidad creciente y en nuestro nosocomio se hacen los controles prenatales y todo lo que sea necesario, pero los partos se realizan en el Hospital de Laguna Blanca, porque ah\u00ed est\u00e1n todos los profesionales y se cuenta con terapia intermedia\u201d.<\/p>\n\n\n\n<p>Y a\u00f1adi\u00f3: \u201c\u00bfQu\u00e9 se logr\u00f3 con esto? Algo que no pueden mostrar muchas provincias\u201d, puntualizando que \u201cdesde 1995 hubo una disminuci\u00f3n dr\u00e1stica de mortalidad infantil, y eso es un \u00edndice de desarrollo\u201d.<\/p>\n\n\n\n<p>Por otra parte, se\u00f1al\u00f3 que actualmente \u201ctenemos un fen\u00f3meno demogr\u00e1fico\u201d, al marcar que \u201choy mucha gente quiere venir a vivir a la provincia\u201d, raz\u00f3n por la cual \u201clos terrenos est\u00e1n acotados\u201d.<\/p>\n\n\n\n<p>\u201cNo es f\u00e1cil conseguir un terreno en la zona urbana, pero quienes tenemos hoy la responsabilidad pol\u00edtica de dirigir este pueblo tambi\u00e9n debemos interpretar lo que es el Modelo Formose\u00f1o y generar las condiciones para que cada familia formose\u00f1a que lo requiera, lo tenga\u201d, ampli\u00f3.<\/p>\n\n\n\n<p>En contexto, expres\u00f3 que \u201choy estamos en eso y que a pesar de que muchas veces la oposici\u00f3n nos cascotea, es porque no entienden\u201d, no obstante, \u201clos que militamos este espacio pol\u00edtico sabemos que la Patria es el otro, frase que la reflot\u00f3 el entonces presidente N\u00e9stor Kirchner\u201d.<\/p>\n\n\n\n<p>Por \u00faltimo, y ante todo lo expuesto, el Intendente, expres\u00f3: \u201cTodas estas obras que vemos diariamente en nuestra provincia son porque tenemos un conductor que lo interpreta claramente\u201d, asegurando que \u201ceste 25 de junio&nbsp; fielmente tenemos que emitir un voto en defensa propia, es decir, a la f\u00f3rmula Gildo Insfr\u00e1n-Eber Sol\u00eds en el Poder Ejecutivo. En resumidas cuentas, boleta azul completa\u201d, cerr\u00f3.<\/p>\n","protected":false},"excerpt":{"rendered":"<p>Tambi\u00e9n se suscribieron dos actas de compromiso, consistiendo la primera en el inicio de la construcci\u00f3n de 40 viviendas urbanas, siendo 38 comunes y dos adaptadas. La firma se dio entre el administrador general del Instituto Provincial de la Vivienda (IPV), el ingeniero Marcelo Ugelli, y en representaci\u00f3n de la empresa Pilag\u00e1 Construcciones S.A., la [&hellip;]<\/p>\n","protected":false},"author":11,"featured_media":60254,"comment_status":"closed","ping_status":"closed","sticky":false,"template":"","format":"standard","meta":{"footnotes":""},"categories":[11],"tags":[],"class_list":["post-60251","post","type-post","status-publish","format-standard","has-post-thumbnail","hentry","category-interior"],"_links":{"self":[{"href":"http:\/\/informeformosa.com.ar\/index.php?rest_route=\/wp\/v2\/posts\/60251","targetHints":{"allow":["GET"]}}],"collection":[{"href":"http:\/\/informeformosa.com.ar\/index.php?rest_route=\/wp\/v2\/posts"}],"about":[{"href":"http:\/\/informeformosa.com.ar\/index.php?rest_route=\/wp\/v2\/types\/post"}],"author":[{"embeddable":true,"href":"http:\/\/informeformosa.com.ar\/index.php?rest_route=\/wp\/v2\/users\/11"}],"replies":[{"embeddable":true,"href":"http:\/\/informeformosa.com.ar\/index.php?rest_route=%2Fwp%2Fv2%2Fcomments&post=60251"}],"version-history":[{"count":1,"href":"http:\/\/informeformosa.com.ar\/index.php?rest_route=\/wp\/v2\/posts\/60251\/revisions"}],"predecessor-version":[{"id":60255,"href":"http:\/\/informeformosa.com.ar\/index.php?rest_route=\/wp\/v2\/posts\/60251\/revisions\/60255"}],"wp:featuredmedia":[{"embeddable":true,"href":"http:\/\/informeformosa.com.ar\/index.php?rest_route=\/wp\/v2\/media\/60254"}],"wp:attachment":[{"href":"http:\/\/informeformosa.com.ar\/index.php?rest_route=%2Fwp%2Fv2%2Fmedia&parent=60251"}],"wp:term":[{"taxonomy":"category","embeddable":true,"href":"http:\/\/informeformosa.com.ar\/index.php?rest_route=%2Fwp%2Fv2%2Fcategories&post=60251"},{"taxonomy":"post_tag","embeddable":true,"href":"http:\/\/informeformosa.com.ar\/index.php?rest_route=%2Fwp%2Fv2%2Ftags&post=60251"}],"curies":[{"name":"wp","href":"https:\/\/api.w.org\/{rel}","templated":true}]}}