{"id":60223,"date":"2023-05-30T18:51:52","date_gmt":"2023-05-30T21:51:52","guid":{"rendered":"http:\/\/informeformosa.com.ar\/?p=60223"},"modified":"2023-05-30T18:51:52","modified_gmt":"2023-05-30T21:51:52","slug":"fiscales-de-todo-el-pais-se-reunieron-en-formosa-y-trataron-un-amplio-temario","status":"publish","type":"post","link":"http:\/\/informeformosa.com.ar\/?p=60223","title":{"rendered":"Fiscales de todo el pa\u00eds se reunieron en Formosa y trataron un amplio temario\u00a0"},"content":{"rendered":"\n<p>Cerr\u00f3 el Foro de&nbsp; Fiscales de la Rep\u00fablica que se desarroll\u00f3 en Formosa.&nbsp; Fue presidido por la presidenta del Foro Federal Permanente de Fiscal\u00edas de Estado de la Argentina (FPFEA), por tercer per\u00edodo consecutivo, la doctora Stella Maris Zabala, fiscal de Estado de la provincia de Formosa.<\/p>\n\n\n\n<p>Este encuentro tuvo lugar en las instalaciones del Consejo Profesional de Abogac\u00eda en la ciudad capitalina, el lunes 29 y martes 30.<\/p>\n\n\n\n<p>En ese contexto, la anfitriona expres\u00f3 a AGENFOR que \u201chemos recibido con alegr\u00eda a los fiscales que vinieron de distintos lugares del pa\u00eds\u201d, ya que, \u201ccomo su nombre lo indica, es un foro permanente y federal de la Rep\u00fablica Argentina\u201d.<\/p>\n\n\n\n<p>Esto es, en efecto, \u201creivindicar una vez m\u00e1s la vocaci\u00f3n federal que tenemos todas las provincias, nuestro derecho a rajatabla de defender las autonom\u00edas provinciales y sostener que somos preexistentes a la Naci\u00f3n como provincia\u201d.<\/p>\n\n\n\n<p>\u201cEs sumamente importante el foro\u201d, el cual \u201cnormalmente trata de convocarse en distintas provincias argentinas\u201d, agreg\u00f3.<\/p>\n\n\n\n<p>A su vez, detall\u00f3 que en ese marco \u201cse tratan temas inherentes y se hacen convocatorias e invitaciones a personalidades\u201d destacadas.&nbsp;<\/p>\n\n\n\n<p>En ese marco, el doctor Gustavo Moreno, experto en temas relacionados&nbsp; a la ni\u00f1ez y adolescencia y asesor tutelar de CABA abord\u00f3 \u00abLa compraventa de ni\u00f1as y ni\u00f1os de corta edad en situaciones que podr\u00edan llevar a la Modalidad de trata\u00bb.<\/p>\n\n\n\n<p>Sobre Moreno, Zabala destac\u00f3: \u201cEs un luchador por las causas sociales incluso es el representante del Papa en todo lo relacionado a derechos sociales en Am\u00e9rica Latina\u201d.<\/p>\n\n\n\n<p>Despu\u00e9s, el doctor Julio Rodr\u00edguez Signes, fiscal de Entre R\u00edos, aludi\u00f3 a \u00abLa situaci\u00f3n actual del sistema de distribuci\u00f3n de gas natural en las provincias de la novena regi\u00f3n, Misiones, Formosa, Corrientes, Chaco y Entre R\u00edos\u00bb.<\/p>\n\n\n\n<p>Y, por \u00faltimo, el secretario de Ciencia y Tecnolog\u00eda de la provincia, el ingeniero Julio Araoz, habl\u00f3 en torno a la \u201cEnerg\u00eda nuclear en Formosa\u201d.<\/p>\n\n\n\n<p>En tanto, el fiscal de Estado de Jujuy, el doctor Miguel \u00c1ngel Rivas, se\u00f1al\u00f3 que en esta reuni\u00f3n \u201cestamos en contacto los profesionales del Derecho, los que defienden a cada provincia de la Argentina, los que debemos bregar y reforzar la vigencia de las instituciones\u201d.<\/p>\n\n\n\n<p>\u201cDesde Jujuy venimos con nuevos aires, en todos los sentidos, y nos interesa, en ese resguardo y diferencia, que cada provincia pueda ejercer su derecho, as\u00ed sea en la Corte Suprema, ante el Poder Ejecutivo o Legislativo\u201d, manifest\u00f3.<\/p>\n\n\n\n<p>Y a\u00f1adi\u00f3: \u201cEntonces, nosotros bregamos por la institucionalidad y descartamos que cada uno, en su autonom\u00eda, va a defender sus incumbencias\u201d.<\/p>\n\n\n\n<p>A su turno, el doctor Roberto Alejandro Herlein, fiscal de Estado de la provincia de Chaco, expres\u00f3 que \u201clas autonom\u00edas provinciales tienen relevancia central, pero siempre respetando las diferencias que tiene cada una\u201d y aclar\u00f3 que debe ser \u201ctenida en cuenta la divisi\u00f3n de Poderes, respetando la institucionalizaci\u00f3n y construyendo desde las diferencias\u201d.<\/p>\n\n\n\n<p>Por su parte, el fiscal de Estado de R\u00edo Negro, Gast\u00f3n P\u00e9rez, en principio destac\u00f3 que \u201clas provincias coincidimos la forma de llevar adelante las tareas que nos corresponde, desde el federalismo\u201d, remarcando que realizar estos encuentros en una provincia del interior del pa\u00eds, tambi\u00e9n \u201chabla por s\u00ed solo y define lo que entendemos del federalismo\u201d.<\/p>\n\n\n\n<p>Asimismo, indic\u00f3 que \u201ctener este tipo de \u00e1mbitos con provincias vecinas y no, la lucha es com\u00fan en materia de reconocimiento de la participaci\u00f3n de las provincias\u201d.<\/p>\n\n\n\n<p>En esa l\u00ednea, enfatiz\u00f3 que \u201cen esta suerte de lucha y comuni\u00f3n, de experiencias que cada uno tenemos, este \u00e1mbito hace que nos podamos nutrir desde lo jur\u00eddico y lo humano\u201d.<\/p>\n\n\n\n<p>Al finalizar, P\u00e9rez remarc\u00f3 que \u201cdesde el trabajo articulado podremos trabajar en las respuestas de temas y problem\u00e1ticas, que muchas veces son similares al resto de las provincias\u201d.<\/p>\n\n\n\n<p>Del mismo modo, desde Santiago del Estero, el fiscal Ra\u00fal Abate, resalt\u00f3 la participaci\u00f3n de colegas de otras provincias, expresando que \u201cnuestro foro es federal, por lo tanto, auspiciamos este tipo de encuentros con nuestras diversidades en cuanto a lopol\u00edtico y conciencia jur\u00eddica de lo que se debe hacer en estos momentos\u201d.<\/p>\n\n\n\n<p>Adem\u00e1s, se refiri\u00f3 al federalismo, expresando que \u201ces esencialmente autonom\u00eda de las provincias. \u00c9stas son preexistentes a la Naci\u00f3n y creo que ella se engrandece cuando las instituciones b\u00e1sicas en el Gobierno se respetan\u201d.<\/p>\n\n\n\n<p>\u201cEs autonom\u00eda y respeto de lo constitucional, de lo estatuario\u201d, agreg\u00f3 Abate.<\/p>\n\n\n\n<p>Antes de cerrar, habl\u00f3 de la divisi\u00f3n de Poderes, indicando que \u201cen cierto sector no se est\u00e1 dando, se puede observar que hay invasiones de un cierto Poder sobre otro\u201d. <a><\/a><\/p>\n","protected":false},"excerpt":{"rendered":"<p>Cerr\u00f3 el Foro de&nbsp; Fiscales de la Rep\u00fablica que se desarroll\u00f3 en Formosa.&nbsp; Fue presidido por la presidenta del Foro Federal Permanente de Fiscal\u00edas de Estado de la Argentina (FPFEA), por tercer per\u00edodo consecutivo, la doctora Stella Maris Zabala, fiscal de Estado de la provincia de Formosa. Este encuentro tuvo lugar en las instalaciones del [&hellip;]<\/p>\n","protected":false},"author":11,"featured_media":60233,"comment_status":"closed","ping_status":"closed","sticky":false,"template":"","format":"standard","meta":{"footnotes":""},"categories":[21],"tags":[],"class_list":["post-60223","post","type-post","status-publish","format-standard","has-post-thumbnail","hentry","category-provinciales"],"_links":{"self":[{"href":"http:\/\/informeformosa.com.ar\/index.php?rest_route=\/wp\/v2\/posts\/60223","targetHints":{"allow":["GET"]}}],"collection":[{"href":"http:\/\/informeformosa.com.ar\/index.php?rest_route=\/wp\/v2\/posts"}],"about":[{"href":"http:\/\/informeformosa.com.ar\/index.php?rest_route=\/wp\/v2\/types\/post"}],"author":[{"embeddable":true,"href":"http:\/\/informeformosa.com.ar\/index.php?rest_route=\/wp\/v2\/users\/11"}],"replies":[{"embeddable":true,"href":"http:\/\/informeformosa.com.ar\/index.php?rest_route=%2Fwp%2Fv2%2Fcomments&post=60223"}],"version-history":[{"count":1,"href":"http:\/\/informeformosa.com.ar\/index.php?rest_route=\/wp\/v2\/posts\/60223\/revisions"}],"predecessor-version":[{"id":60234,"href":"http:\/\/informeformosa.com.ar\/index.php?rest_route=\/wp\/v2\/posts\/60223\/revisions\/60234"}],"wp:featuredmedia":[{"embeddable":true,"href":"http:\/\/informeformosa.com.ar\/index.php?rest_route=\/wp\/v2\/media\/60233"}],"wp:attachment":[{"href":"http:\/\/informeformosa.com.ar\/index.php?rest_route=%2Fwp%2Fv2%2Fmedia&parent=60223"}],"wp:term":[{"taxonomy":"category","embeddable":true,"href":"http:\/\/informeformosa.com.ar\/index.php?rest_route=%2Fwp%2Fv2%2Fcategories&post=60223"},{"taxonomy":"post_tag","embeddable":true,"href":"http:\/\/informeformosa.com.ar\/index.php?rest_route=%2Fwp%2Fv2%2Ftags&post=60223"}],"curies":[{"name":"wp","href":"https:\/\/api.w.org\/{rel}","templated":true}]}}