{"id":60220,"date":"2023-05-30T18:47:54","date_gmt":"2023-05-30T21:47:54","guid":{"rendered":"http:\/\/informeformosa.com.ar\/?p=60220"},"modified":"2023-05-30T18:47:55","modified_gmt":"2023-05-30T21:47:55","slug":"clorinda-se-llevo-a-cabo-una-capacitacion-sobre-primeros-auxilios-psicologicos-en-situaciones-de-crisis","status":"publish","type":"post","link":"http:\/\/informeformosa.com.ar\/?p=60220","title":{"rendered":"Clorinda: Se llev\u00f3 a cabo una capacitaci\u00f3n sobre primeros auxilios psicol\u00f3gicos en situaciones de crisis"},"content":{"rendered":"\n<p>M\u00e1s de 60 profesionales, t\u00e9cnicos, operadores y voluntarios que se desempe\u00f1an en diferentes organismos p\u00fablicos y privados, participaron de esta nueva capacitaci\u00f3n que fue coordinada por el Programa de Fortalecimiento de la Salud Mental con Base Comunitaria, dependiente del Ministerio de Desarrollo Humano.<\/p>\n\n\n\n<p>La misma tuvo lugar en el Hospital Distrital \u201cCruz Felipe Arnedo\u201d de la ciudad fronteriza y las exposiciones estuvieron a cargo de las licenciadas en Psicolog\u00eda Mariela Toledo y M\u00f3nica Villavicencio, del servicio de salud mental del Hospital Interdistrital Evita.<\/p>\n\n\n\n<p>Dicha jornada formativa tuvo como prop\u00f3sito brindar herramientas para la atenci\u00f3n en situaciones de crisis y de riesgo suicida a los operadores de l\u00edneas telef\u00f3nicas de emergencias, profesionales, t\u00e9cnicos y otras personas que se encuentran involucradas en la asistencia en ese tipo de eventos.<\/p>\n\n\n\n<p>El jefe del Programa de Fortalecimiento de la Salud Mental con Base Comunitaria, el licenciado Marcelo Kremis, coment\u00f3 que la capacitaci\u00f3n se llev\u00f3 a cabo en el marco de las m\u00faltiples actividades \u201cplanificadas desde la mesa intersectorial conformada en la ciudad de Clorinda para el abordaje integral de la problem\u00e1tica del suicidio\u201d.<\/p>\n\n\n\n<p>En ese sentido, refiri\u00f3 que, en la ocasi\u00f3n, se dieron cita t\u00e9cnicos, profesionales, operadores y voluntarios de distintas \u00e1reas e instituciones del Gobierno de Formosa, como tambi\u00e9n de organizaciones libres del pueblo \u201cque integran la mesa intersectorial\u201d que, adem\u00e1s, de dar las capacitaciones, al mismo tiempo, viene siendo un espacio \u201cmuy necesario\u201d de aprendizaje entre los referentes de cada sector.<\/p>\n\n\n\n<p>Una vez m\u00e1s,Kremis reiter\u00f3 que \u201cresulta fundamental\u201d que tanto los profesionales como toda persona que est\u00e1 vinculada al trabajo de prevenci\u00f3n, contenci\u00f3n y asistencia de personas con conductas de riesgo suicida\u201creciban y participen activamente de este tipo de capacitaciones, a fin de seguir afianzando sus conocimientos en cuanto a los primeros auxilios psicol\u00f3gicos que deben darse a la persona que se encuentra en crisis\u201d.<\/p>\n\n\n\n<p>Al momento del cierre, destac\u00f3 la organizaci\u00f3n y articulaci\u00f3n que se viene dando entre las instituciones del Gobierno provincial, para el mejor abordaje de la problem\u00e1tica del suicidio, afirmando que esa modalidad, de trabajo intersectorial \u201cnos da la posibilidad de hacer una<a><\/a> intervenci\u00f3n m\u00e1s correcta y adecuada ante las situaciones de crisis y de conductas de riesgo suicida, para salvaguardar la vida de la persona afectada y para seguir optimizando, d\u00eda a d\u00eda, la gran tarea que tenemos a cargo\u201d.<\/p>\n","protected":false},"excerpt":{"rendered":"<p>M\u00e1s de 60 profesionales, t\u00e9cnicos, operadores y voluntarios que se desempe\u00f1an en diferentes organismos p\u00fablicos y privados, participaron de esta nueva capacitaci\u00f3n que fue coordinada por el Programa de Fortalecimiento de la Salud Mental con Base Comunitaria, dependiente del Ministerio de Desarrollo Humano. La misma tuvo lugar en el Hospital Distrital \u201cCruz Felipe Arnedo\u201d de [&hellip;]<\/p>\n","protected":false},"author":11,"featured_media":60224,"comment_status":"closed","ping_status":"closed","sticky":false,"template":"","format":"standard","meta":{"footnotes":""},"categories":[12],"tags":[],"class_list":["post-60220","post","type-post","status-publish","format-standard","has-post-thumbnail","hentry","category-salud"],"_links":{"self":[{"href":"http:\/\/informeformosa.com.ar\/index.php?rest_route=\/wp\/v2\/posts\/60220","targetHints":{"allow":["GET"]}}],"collection":[{"href":"http:\/\/informeformosa.com.ar\/index.php?rest_route=\/wp\/v2\/posts"}],"about":[{"href":"http:\/\/informeformosa.com.ar\/index.php?rest_route=\/wp\/v2\/types\/post"}],"author":[{"embeddable":true,"href":"http:\/\/informeformosa.com.ar\/index.php?rest_route=\/wp\/v2\/users\/11"}],"replies":[{"embeddable":true,"href":"http:\/\/informeformosa.com.ar\/index.php?rest_route=%2Fwp%2Fv2%2Fcomments&post=60220"}],"version-history":[{"count":1,"href":"http:\/\/informeformosa.com.ar\/index.php?rest_route=\/wp\/v2\/posts\/60220\/revisions"}],"predecessor-version":[{"id":60225,"href":"http:\/\/informeformosa.com.ar\/index.php?rest_route=\/wp\/v2\/posts\/60220\/revisions\/60225"}],"wp:featuredmedia":[{"embeddable":true,"href":"http:\/\/informeformosa.com.ar\/index.php?rest_route=\/wp\/v2\/media\/60224"}],"wp:attachment":[{"href":"http:\/\/informeformosa.com.ar\/index.php?rest_route=%2Fwp%2Fv2%2Fmedia&parent=60220"}],"wp:term":[{"taxonomy":"category","embeddable":true,"href":"http:\/\/informeformosa.com.ar\/index.php?rest_route=%2Fwp%2Fv2%2Fcategories&post=60220"},{"taxonomy":"post_tag","embeddable":true,"href":"http:\/\/informeformosa.com.ar\/index.php?rest_route=%2Fwp%2Fv2%2Ftags&post=60220"}],"curies":[{"name":"wp","href":"https:\/\/api.w.org\/{rel}","templated":true}]}}