{"id":58780,"date":"2022-12-27T12:07:00","date_gmt":"2022-12-27T15:07:00","guid":{"rendered":"http:\/\/informeformosa.com.ar\/?p=58780"},"modified":"2022-12-28T00:12:49","modified_gmt":"2022-12-28T03:12:49","slug":"en-estas-fiestas-reiteran-la-recomendacion-de-contratar-servicios-de-transporte-habilitados-en-la-provincia","status":"publish","type":"post","link":"http:\/\/informeformosa.com.ar\/?p=58780","title":{"rendered":"<strong>En estas fiestas, reiteran la recomendaci\u00f3n de contratar servicios de transporte habilitados en la provincia<\/strong>"},"content":{"rendered":"\n<p>El director de Transporte de la provincia, el doctor Pablo C\u00f3rdoba, brind\u00f3 recomendaciones de prevenci\u00f3n teniendo en cuenta que \u201cen esta \u00e9poca de fiestas, de mucha oferta y demanda, aparecen veh\u00edculos que no se encuentran habilitados para el transporte de pasajeros\u201d.<\/p>\n\n\n\n<p>Ante esa circunstancia, desde el \u00e1rea se pide a los usuarios que \u201csiempre contraten los servicios que est\u00e1n habilitados, tanto empresas como Godoy, Puerto Tirol y los minibuses. Tambi\u00e9n hay taxis y remises provinciales\u201d.<\/p>\n\n\n\n<p>Otro aspecto al que hizo referencia fue que, durante la pandemia, al haberse suspendido toda la actividad, \u201csurgieron otros que empezaron a prestar servicios, pero sin reunir todas las condiciones para hacerlo\u201d.<\/p>\n\n\n\n<p>Por ejemplo, \u201cno contar con el seguro para transporte de pasajeros\u201d, advirti\u00f3 y explic\u00f3 que, por lo general, \u201cson veh\u00edculos particulares que cuesta mucho identificarlos, e incluso a la Polic\u00eda de la provincia se les dificulta\u201d, especific\u00f3 en declaraciones recogidas por AGENFOR.<\/p>\n\n\n\n<p>Por eso, recalc\u00f3 el funcionario que \u201cla recomendaci\u00f3n es viajar en los servicios que est\u00e1n habilitados, que la gente entienda esto; y que tambi\u00e9n saque su pasaje con tiempo, para que as\u00ed las empresas puedan poner los servicios de refuerzos con antelaci\u00f3n\u201d.&nbsp;<\/p>\n\n\n\n<p>Asimismo, se hace hincapi\u00e9 en que \u201clas unidades tengan las revisiones t\u00e9cnicas obligatorias, cuenten con el carnet profesional, entonces son muchos los requisitos que exigimos al momento de habilitar\u201d.<\/p>\n\n\n\n<p>\u201cY el cintur\u00f3n de seguridad en la instancia del viaje, como una de las recomendaciones que se hacen habitualmente a trav\u00e9s del Consejo Provincial de Seguridad Vial\u201d, continu\u00f3 diciendo.<\/p>\n\n\n\n<p>A la vez, al momento de salir a la ruta, el titular de Transporte indic\u00f3 que \u201cel conductor debe contar con el carnet habilitante de conducir vigente, no vencido ni a punto de vencer\u201d, aclarando asimismo que la revisi\u00f3n t\u00e9cnica \u201cdebe estar aprobada\u201d para efectuar el viaje.<\/p>\n\n\n\n<p>Para terminar, incluy\u00f3 entre los requisitos el de contar con la p\u00f3liza de seguro \u201ccon el comprobante del cup\u00f3n vigente y por supuesto los elementos de seguridad: el matafuego, las balizas en caso de que se pinche un neum\u00e1tico\u201d, entre otros.<\/p>\n","protected":false},"excerpt":{"rendered":"<p>El director de Transporte de la provincia, el doctor Pablo C\u00f3rdoba, brind\u00f3 recomendaciones de prevenci\u00f3n teniendo en cuenta que \u201cen esta \u00e9poca de fiestas, de mucha oferta y demanda, aparecen veh\u00edculos que no se encuentran habilitados para el transporte de pasajeros\u201d. Ante esa circunstancia, desde el \u00e1rea se pide a los usuarios que \u201csiempre contraten [&hellip;]<\/p>\n","protected":false},"author":11,"featured_media":58783,"comment_status":"closed","ping_status":"closed","sticky":false,"template":"","format":"standard","meta":{"footnotes":""},"categories":[21],"tags":[],"class_list":["post-58780","post","type-post","status-publish","format-standard","has-post-thumbnail","hentry","category-provinciales"],"_links":{"self":[{"href":"http:\/\/informeformosa.com.ar\/index.php?rest_route=\/wp\/v2\/posts\/58780","targetHints":{"allow":["GET"]}}],"collection":[{"href":"http:\/\/informeformosa.com.ar\/index.php?rest_route=\/wp\/v2\/posts"}],"about":[{"href":"http:\/\/informeformosa.com.ar\/index.php?rest_route=\/wp\/v2\/types\/post"}],"author":[{"embeddable":true,"href":"http:\/\/informeformosa.com.ar\/index.php?rest_route=\/wp\/v2\/users\/11"}],"replies":[{"embeddable":true,"href":"http:\/\/informeformosa.com.ar\/index.php?rest_route=%2Fwp%2Fv2%2Fcomments&post=58780"}],"version-history":[{"count":1,"href":"http:\/\/informeformosa.com.ar\/index.php?rest_route=\/wp\/v2\/posts\/58780\/revisions"}],"predecessor-version":[{"id":58784,"href":"http:\/\/informeformosa.com.ar\/index.php?rest_route=\/wp\/v2\/posts\/58780\/revisions\/58784"}],"wp:featuredmedia":[{"embeddable":true,"href":"http:\/\/informeformosa.com.ar\/index.php?rest_route=\/wp\/v2\/media\/58783"}],"wp:attachment":[{"href":"http:\/\/informeformosa.com.ar\/index.php?rest_route=%2Fwp%2Fv2%2Fmedia&parent=58780"}],"wp:term":[{"taxonomy":"category","embeddable":true,"href":"http:\/\/informeformosa.com.ar\/index.php?rest_route=%2Fwp%2Fv2%2Fcategories&post=58780"},{"taxonomy":"post_tag","embeddable":true,"href":"http:\/\/informeformosa.com.ar\/index.php?rest_route=%2Fwp%2Fv2%2Ftags&post=58780"}],"curies":[{"name":"wp","href":"https:\/\/api.w.org\/{rel}","templated":true}]}}